{"id":3072,"date":"2020-07-24T14:51:32","date_gmt":"2020-07-24T12:51:32","guid":{"rendered":"https:\/\/dajeroma.org\/?p=3072"},"modified":"2020-07-24T14:51:33","modified_gmt":"2020-07-24T12:51:33","slug":"lavversario-di-domenica-la-fiorentina","status":"publish","type":"post","link":"https:\/\/dajeroma.org\/en\/2020\/07\/24\/lavversario-di-domenica-la-fiorentina\/","title":{"rendered":"The sunday's opponent: the Fiorentina."},"content":{"rendered":"<p class=\"wp-block-paragraph\">We can command the game but don't get caught off guard, so let's go back fast. Fiorentina are very strong on the counterattack.<\/p>\n\n\n\n<p class=\"wp-block-paragraph\">Iachini ranks 352 which becomes 532 in the defensive phase. Lirola (left wing) is more offensive than Venuti (right wing) who often made the central defender. If Chiesa played as a left winger, he would prefer to go towards the center for the shot, while Lirola has more the assist attitude. Chiesa is also an alternative to Ribery as a second striker: the former is faster, while the latter has more experience and more technical quality. They are both more dangerous on their left, our right (as can be seen from the image) when they go towards the center. Badelj or Pulgar are the playmakers. Duncan often transforms the action from defensive to offensive, but Ghezzal is more dangerous in the offensive phase. Kouame is an atypical striker, very fast, while Cutrone is the typical first striker, good back to the goal.<\/p>\n\n\n\n<figure class=\"wp-block-image size-large\"><img loading=\"lazy\" decoding=\"async\" width=\"478\" height=\"298\" src=\"https:\/\/dajeroma.org\/wp-content\/uploads\/2020\/07\/Fiorentina_20_1.jpg\" alt=\"\" class=\"wp-image-3074\" srcset=\"https:\/\/dajeroma.org\/wp-content\/uploads\/2020\/07\/Fiorentina_20_1.jpg 478w, https:\/\/dajeroma.org\/wp-content\/uploads\/2020\/07\/Fiorentina_20_1-300x187.jpg 300w\" sizes=\"auto, (max-width: 478px) 100vw, 478px\" \/><\/figure>\n\n\n\n<p class=\"wp-block-paragraph\">It is a good test for the Europa League. It is a difficult game, but with maximum effort, maximum concentration and maximum courage we can win. Daje Roma!<\/p>","protected":false},"excerpt":{"rendered":"<p>Possiamo comandare la partita ma non facciamoci prendere in contropiede, quindi torniamo veloci. La Fiorentina \u00e8 molto forte in contropiede. Iachini schiera il 352 che in fase difensiva diventa 532. Lirola (ala sinistra) \u00e8 pi\u00f9 offensivo di Venuti (ala destra) che ha fatto spesso anche il difensore centrale. Se Chiesa giocasse come ala sinistra, preferirebbe [&hellip;]<\/p>\n","protected":false},"author":1,"featured_media":3074,"comment_status":"open","ping_status":"open","sticky":false,"template":"","format":"standard","meta":{"_crdt_document":"","footnotes":""},"categories":[4,199],"tags":[1127,1126],"class_list":["post-3072","post","type-post","status-publish","format-standard","has-post-thumbnail","hentry","category-prepartita","category-serie-a","tag-fiorentina-tactics-2020","tag-fiorentina-tattica-2020"],"blocksy_meta":{"styles_descriptor":{"styles":{"desktop":"","tablet":"","mobile":""},"google_fonts":[],"version":6}},"yoast_head":"<!-- This site is optimized with the Yoast SEO plugin v27.4 - https:\/\/yoast.com\/product\/yoast-seo-wordpress\/ -->\n<title>L&#039;avversario di domenica: la Fiorentina. - Daje Roma<\/title>\n<meta name=\"robots\" content=\"index, follow, max-snippet:-1, max-image-preview:large, max-video-preview:-1\" \/>\n<link rel=\"canonical\" href=\"https:\/\/dajeroma.org\/en\/2020\/07\/24\/lavversario-di-domenica-la-fiorentina\/\" \/>\n<meta property=\"og:locale\" content=\"en_US\" \/>\n<meta property=\"og:type\" content=\"article\" \/>\n<meta property=\"og:title\" content=\"L&#039;avversario di domenica: la Fiorentina. - Daje Roma\" \/>\n<meta property=\"og:description\" content=\"Possiamo comandare la partita ma non facciamoci prendere in contropiede, quindi torniamo veloci. La Fiorentina \u00e8 molto forte in contropiede. Iachini schiera il 352 che in fase difensiva diventa 532. Lirola (ala sinistra) \u00e8 pi\u00f9 offensivo di Venuti (ala destra) che ha fatto spesso anche il difensore centrale. Se Chiesa giocasse come ala sinistra, preferirebbe [&hellip;]\" \/>\n<meta property=\"og:url\" content=\"https:\/\/dajeroma.org\/en\/2020\/07\/24\/lavversario-di-domenica-la-fiorentina\/\" \/>\n<meta property=\"og:site_name\" content=\"Daje Roma\" \/>\n<meta property=\"article:publisher\" content=\"https:\/\/www.facebook.com\/SangueOroAsRoma\" \/>\n<meta property=\"article:published_time\" content=\"2020-07-24T12:51:32+00:00\" \/>\n<meta property=\"article:modified_time\" content=\"2020-07-24T12:51:33+00:00\" \/>\n<meta property=\"og:image\" content=\"https:\/\/dajeroma.org\/wp-content\/uploads\/2020\/07\/Fiorentina_20_1.jpg\" \/>\n\t<meta property=\"og:image:width\" content=\"478\" \/>\n\t<meta property=\"og:image:height\" content=\"298\" \/>\n\t<meta property=\"og:image:type\" content=\"image\/jpeg\" \/>\n<meta name=\"author\" content=\"loco\" \/>\n<meta name=\"twitter:card\" content=\"summary_large_image\" \/>\n<meta name=\"twitter:creator\" content=\"@GiordanoSepi\" \/>\n<meta name=\"twitter:site\" content=\"@GiordanoSepi\" \/>\n<meta name=\"twitter:label1\" content=\"Written by\" \/>\n\t<meta name=\"twitter:data1\" content=\"loco\" \/>\n\t<meta name=\"twitter:label2\" content=\"Est. reading time\" \/>\n\t<meta name=\"twitter:data2\" content=\"1 minute\" \/>\n<script type=\"application\/ld+json\" class=\"yoast-schema-graph\">{\"@context\":\"https:\\\/\\\/schema.org\",\"@graph\":[{\"@type\":\"Article\",\"@id\":\"https:\\\/\\\/dajeroma.org\\\/2020\\\/07\\\/24\\\/lavversario-di-domenica-la-fiorentina\\\/#article\",\"isPartOf\":{\"@id\":\"https:\\\/\\\/dajeroma.org\\\/2020\\\/07\\\/24\\\/lavversario-di-domenica-la-fiorentina\\\/\"},\"author\":{\"name\":\"loco\",\"@id\":\"https:\\\/\\\/dajeroma.org\\\/en\\\/#\\\/schema\\\/person\\\/6e5e277ed3629273f1b2f76255b5a503\"},\"headline\":\"L&#8217;avversario di domenica: la Fiorentina.\",\"datePublished\":\"2020-07-24T12:51:32+00:00\",\"dateModified\":\"2020-07-24T12:51:33+00:00\",\"mainEntityOfPage\":{\"@id\":\"https:\\\/\\\/dajeroma.org\\\/2020\\\/07\\\/24\\\/lavversario-di-domenica-la-fiorentina\\\/\"},\"wordCount\":181,\"commentCount\":0,\"publisher\":{\"@id\":\"https:\\\/\\\/dajeroma.org\\\/en\\\/#organization\"},\"image\":{\"@id\":\"https:\\\/\\\/dajeroma.org\\\/2020\\\/07\\\/24\\\/lavversario-di-domenica-la-fiorentina\\\/#primaryimage\"},\"thumbnailUrl\":\"https:\\\/\\\/dajeroma.org\\\/wp-content\\\/uploads\\\/2020\\\/07\\\/Fiorentina_20_1.jpg\",\"keywords\":[\"fiorentina tactics 2020\",\"fiorentina tattica 2020\"],\"articleSection\":[\"prepartita\",\"Serie A\"],\"inLanguage\":\"en-US\",\"potentialAction\":[{\"@type\":\"CommentAction\",\"name\":\"Comment\",\"target\":[\"https:\\\/\\\/dajeroma.org\\\/2020\\\/07\\\/24\\\/lavversario-di-domenica-la-fiorentina\\\/#respond\"]}]},{\"@type\":\"WebPage\",\"@id\":\"https:\\\/\\\/dajeroma.org\\\/2020\\\/07\\\/24\\\/lavversario-di-domenica-la-fiorentina\\\/\",\"url\":\"https:\\\/\\\/dajeroma.org\\\/2020\\\/07\\\/24\\\/lavversario-di-domenica-la-fiorentina\\\/\",\"name\":\"L'avversario di domenica: la Fiorentina. - Daje Roma\",\"isPartOf\":{\"@id\":\"https:\\\/\\\/dajeroma.org\\\/en\\\/#website\"},\"primaryImageOfPage\":{\"@id\":\"https:\\\/\\\/dajeroma.org\\\/2020\\\/07\\\/24\\\/lavversario-di-domenica-la-fiorentina\\\/#primaryimage\"},\"image\":{\"@id\":\"https:\\\/\\\/dajeroma.org\\\/2020\\\/07\\\/24\\\/lavversario-di-domenica-la-fiorentina\\\/#primaryimage\"},\"thumbnailUrl\":\"https:\\\/\\\/dajeroma.org\\\/wp-content\\\/uploads\\\/2020\\\/07\\\/Fiorentina_20_1.jpg\",\"datePublished\":\"2020-07-24T12:51:32+00:00\",\"dateModified\":\"2020-07-24T12:51:33+00:00\",\"breadcrumb\":{\"@id\":\"https:\\\/\\\/dajeroma.org\\\/2020\\\/07\\\/24\\\/lavversario-di-domenica-la-fiorentina\\\/#breadcrumb\"},\"inLanguage\":\"en-US\",\"potentialAction\":[{\"@type\":\"ReadAction\",\"target\":[\"https:\\\/\\\/dajeroma.org\\\/2020\\\/07\\\/24\\\/lavversario-di-domenica-la-fiorentina\\\/\"]}]},{\"@type\":\"ImageObject\",\"inLanguage\":\"en-US\",\"@id\":\"https:\\\/\\\/dajeroma.org\\\/2020\\\/07\\\/24\\\/lavversario-di-domenica-la-fiorentina\\\/#primaryimage\",\"url\":\"https:\\\/\\\/dajeroma.org\\\/wp-content\\\/uploads\\\/2020\\\/07\\\/Fiorentina_20_1.jpg\",\"contentUrl\":\"https:\\\/\\\/dajeroma.org\\\/wp-content\\\/uploads\\\/2020\\\/07\\\/Fiorentina_20_1.jpg\",\"width\":478,\"height\":298},{\"@type\":\"BreadcrumbList\",\"@id\":\"https:\\\/\\\/dajeroma.org\\\/2020\\\/07\\\/24\\\/lavversario-di-domenica-la-fiorentina\\\/#breadcrumb\",\"itemListElement\":[{\"@type\":\"ListItem\",\"position\":1,\"name\":\"Home\",\"item\":\"https:\\\/\\\/dajeroma.org\\\/en\\\/\"},{\"@type\":\"ListItem\",\"position\":2,\"name\":\"L&#8217;avversario di domenica: la Fiorentina.\"}]},{\"@type\":\"WebSite\",\"@id\":\"https:\\\/\\\/dajeroma.org\\\/en\\\/#website\",\"url\":\"https:\\\/\\\/dajeroma.org\\\/en\\\/\",\"name\":\"DajeRoma\",\"description\":\"Se non la sostieni, non chiamarti Romanista!\",\"publisher\":{\"@id\":\"https:\\\/\\\/dajeroma.org\\\/en\\\/#organization\"},\"potentialAction\":[{\"@type\":\"SearchAction\",\"target\":{\"@type\":\"EntryPoint\",\"urlTemplate\":\"https:\\\/\\\/dajeroma.org\\\/en\\\/?s={search_term_string}\"},\"query-input\":{\"@type\":\"PropertyValueSpecification\",\"valueRequired\":true,\"valueName\":\"search_term_string\"}}],\"inLanguage\":\"en-US\"},{\"@type\":\"Organization\",\"@id\":\"https:\\\/\\\/dajeroma.org\\\/en\\\/#organization\",\"name\":\"Daje Roma\",\"url\":\"https:\\\/\\\/dajeroma.org\\\/en\\\/\",\"logo\":{\"@type\":\"ImageObject\",\"inLanguage\":\"en-US\",\"@id\":\"https:\\\/\\\/dajeroma.org\\\/en\\\/#\\\/schema\\\/logo\\\/image\\\/\",\"url\":\"https:\\\/\\\/dajeroma.org\\\/wp-content\\\/uploads\\\/2017\\\/03\\\/dajeromadaje.jpg\",\"contentUrl\":\"https:\\\/\\\/dajeroma.org\\\/wp-content\\\/uploads\\\/2017\\\/03\\\/dajeromadaje.jpg\",\"width\":1104,\"height\":403,\"caption\":\"Daje Roma\"},\"image\":{\"@id\":\"https:\\\/\\\/dajeroma.org\\\/en\\\/#\\\/schema\\\/logo\\\/image\\\/\"},\"sameAs\":[\"https:\\\/\\\/www.facebook.com\\\/SangueOroAsRoma\",\"https:\\\/\\\/x.com\\\/GiordanoSepi\",\"https:\\\/\\\/www.youtube.com\\\/channel\\\/UC7OuuISCAY3i0wC9HrI0iUA?view_as=subscriber\"]},{\"@type\":\"Person\",\"@id\":\"https:\\\/\\\/dajeroma.org\\\/en\\\/#\\\/schema\\\/person\\\/6e5e277ed3629273f1b2f76255b5a503\",\"name\":\"loco\",\"image\":{\"@type\":\"ImageObject\",\"inLanguage\":\"en-US\",\"@id\":\"https:\\\/\\\/secure.gravatar.com\\\/avatar\\\/72396e0bc5149cb51c227a802fbf4dd424600ffe126a0ae3293206a7ad5ddadc?s=96&d=mm&r=g\",\"url\":\"https:\\\/\\\/secure.gravatar.com\\\/avatar\\\/72396e0bc5149cb51c227a802fbf4dd424600ffe126a0ae3293206a7ad5ddadc?s=96&d=mm&r=g\",\"contentUrl\":\"https:\\\/\\\/secure.gravatar.com\\\/avatar\\\/72396e0bc5149cb51c227a802fbf4dd424600ffe126a0ae3293206a7ad5ddadc?s=96&d=mm&r=g\",\"caption\":\"loco\"},\"url\":\"https:\\\/\\\/dajeroma.org\\\/en\\\/author\\\/loco\\\/\"}]}<\/script>\n<!-- \/ Yoast SEO plugin. -->","yoast_head_json":{"title":"L'avversario di domenica: la Fiorentina. - Daje Roma","robots":{"index":"index","follow":"follow","max-snippet":"max-snippet:-1","max-image-preview":"max-image-preview:large","max-video-preview":"max-video-preview:-1"},"canonical":"https:\/\/dajeroma.org\/en\/2020\/07\/24\/lavversario-di-domenica-la-fiorentina\/","og_locale":"en_US","og_type":"article","og_title":"L'avversario di domenica: la Fiorentina. - Daje Roma","og_description":"Possiamo comandare la partita ma non facciamoci prendere in contropiede, quindi torniamo veloci. La Fiorentina \u00e8 molto forte in contropiede. Iachini schiera il 352 che in fase difensiva diventa 532. Lirola (ala sinistra) \u00e8 pi\u00f9 offensivo di Venuti (ala destra) che ha fatto spesso anche il difensore centrale. Se Chiesa giocasse come ala sinistra, preferirebbe [&hellip;]","og_url":"https:\/\/dajeroma.org\/en\/2020\/07\/24\/lavversario-di-domenica-la-fiorentina\/","og_site_name":"Daje Roma","article_publisher":"https:\/\/www.facebook.com\/SangueOroAsRoma","article_published_time":"2020-07-24T12:51:32+00:00","article_modified_time":"2020-07-24T12:51:33+00:00","og_image":[{"width":478,"height":298,"url":"https:\/\/dajeroma.org\/wp-content\/uploads\/2020\/07\/Fiorentina_20_1.jpg","type":"image\/jpeg"}],"author":"loco","twitter_card":"summary_large_image","twitter_creator":"@GiordanoSepi","twitter_site":"@GiordanoSepi","twitter_misc":{"Written by":"loco","Est. reading time":"1 minute"},"schema":{"@context":"https:\/\/schema.org","@graph":[{"@type":"Article","@id":"https:\/\/dajeroma.org\/2020\/07\/24\/lavversario-di-domenica-la-fiorentina\/#article","isPartOf":{"@id":"https:\/\/dajeroma.org\/2020\/07\/24\/lavversario-di-domenica-la-fiorentina\/"},"author":{"name":"loco","@id":"https:\/\/dajeroma.org\/en\/#\/schema\/person\/6e5e277ed3629273f1b2f76255b5a503"},"headline":"L&#8217;avversario di domenica: la Fiorentina.","datePublished":"2020-07-24T12:51:32+00:00","dateModified":"2020-07-24T12:51:33+00:00","mainEntityOfPage":{"@id":"https:\/\/dajeroma.org\/2020\/07\/24\/lavversario-di-domenica-la-fiorentina\/"},"wordCount":181,"commentCount":0,"publisher":{"@id":"https:\/\/dajeroma.org\/en\/#organization"},"image":{"@id":"https:\/\/dajeroma.org\/2020\/07\/24\/lavversario-di-domenica-la-fiorentina\/#primaryimage"},"thumbnailUrl":"https:\/\/dajeroma.org\/wp-content\/uploads\/2020\/07\/Fiorentina_20_1.jpg","keywords":["fiorentina tactics 2020","fiorentina tattica 2020"],"articleSection":["prepartita","Serie A"],"inLanguage":"en-US","potentialAction":[{"@type":"CommentAction","name":"Comment","target":["https:\/\/dajeroma.org\/2020\/07\/24\/lavversario-di-domenica-la-fiorentina\/#respond"]}]},{"@type":"WebPage","@id":"https:\/\/dajeroma.org\/2020\/07\/24\/lavversario-di-domenica-la-fiorentina\/","url":"https:\/\/dajeroma.org\/2020\/07\/24\/lavversario-di-domenica-la-fiorentina\/","name":"L'avversario di domenica: la Fiorentina. - Daje Roma","isPartOf":{"@id":"https:\/\/dajeroma.org\/en\/#website"},"primaryImageOfPage":{"@id":"https:\/\/dajeroma.org\/2020\/07\/24\/lavversario-di-domenica-la-fiorentina\/#primaryimage"},"image":{"@id":"https:\/\/dajeroma.org\/2020\/07\/24\/lavversario-di-domenica-la-fiorentina\/#primaryimage"},"thumbnailUrl":"https:\/\/dajeroma.org\/wp-content\/uploads\/2020\/07\/Fiorentina_20_1.jpg","datePublished":"2020-07-24T12:51:32+00:00","dateModified":"2020-07-24T12:51:33+00:00","breadcrumb":{"@id":"https:\/\/dajeroma.org\/2020\/07\/24\/lavversario-di-domenica-la-fiorentina\/#breadcrumb"},"inLanguage":"en-US","potentialAction":[{"@type":"ReadAction","target":["https:\/\/dajeroma.org\/2020\/07\/24\/lavversario-di-domenica-la-fiorentina\/"]}]},{"@type":"ImageObject","inLanguage":"en-US","@id":"https:\/\/dajeroma.org\/2020\/07\/24\/lavversario-di-domenica-la-fiorentina\/#primaryimage","url":"https:\/\/dajeroma.org\/wp-content\/uploads\/2020\/07\/Fiorentina_20_1.jpg","contentUrl":"https:\/\/dajeroma.org\/wp-content\/uploads\/2020\/07\/Fiorentina_20_1.jpg","width":478,"height":298},{"@type":"BreadcrumbList","@id":"https:\/\/dajeroma.org\/2020\/07\/24\/lavversario-di-domenica-la-fiorentina\/#breadcrumb","itemListElement":[{"@type":"ListItem","position":1,"name":"Home","item":"https:\/\/dajeroma.org\/en\/"},{"@type":"ListItem","position":2,"name":"L&#8217;avversario di domenica: la Fiorentina."}]},{"@type":"WebSite","@id":"https:\/\/dajeroma.org\/en\/#website","url":"https:\/\/dajeroma.org\/en\/","name":"DajeRoma","description":"Se non la sostieni, non chiamarti Romanista!","publisher":{"@id":"https:\/\/dajeroma.org\/en\/#organization"},"potentialAction":[{"@type":"SearchAction","target":{"@type":"EntryPoint","urlTemplate":"https:\/\/dajeroma.org\/en\/?s={search_term_string}"},"query-input":{"@type":"PropertyValueSpecification","valueRequired":true,"valueName":"search_term_string"}}],"inLanguage":"en-US"},{"@type":"Organization","@id":"https:\/\/dajeroma.org\/en\/#organization","name":"Daje Roma","url":"https:\/\/dajeroma.org\/en\/","logo":{"@type":"ImageObject","inLanguage":"en-US","@id":"https:\/\/dajeroma.org\/en\/#\/schema\/logo\/image\/","url":"https:\/\/dajeroma.org\/wp-content\/uploads\/2017\/03\/dajeromadaje.jpg","contentUrl":"https:\/\/dajeroma.org\/wp-content\/uploads\/2017\/03\/dajeromadaje.jpg","width":1104,"height":403,"caption":"Daje Roma"},"image":{"@id":"https:\/\/dajeroma.org\/en\/#\/schema\/logo\/image\/"},"sameAs":["https:\/\/www.facebook.com\/SangueOroAsRoma","https:\/\/x.com\/GiordanoSepi","https:\/\/www.youtube.com\/channel\/UC7OuuISCAY3i0wC9HrI0iUA?view_as=subscriber"]},{"@type":"Person","@id":"https:\/\/dajeroma.org\/en\/#\/schema\/person\/6e5e277ed3629273f1b2f76255b5a503","name":"loco","image":{"@type":"ImageObject","inLanguage":"en-US","@id":"https:\/\/secure.gravatar.com\/avatar\/72396e0bc5149cb51c227a802fbf4dd424600ffe126a0ae3293206a7ad5ddadc?s=96&d=mm&r=g","url":"https:\/\/secure.gravatar.com\/avatar\/72396e0bc5149cb51c227a802fbf4dd424600ffe126a0ae3293206a7ad5ddadc?s=96&d=mm&r=g","contentUrl":"https:\/\/secure.gravatar.com\/avatar\/72396e0bc5149cb51c227a802fbf4dd424600ffe126a0ae3293206a7ad5ddadc?s=96&d=mm&r=g","caption":"loco"},"url":"https:\/\/dajeroma.org\/en\/author\/loco\/"}]}},"_links":{"self":[{"href":"https:\/\/dajeroma.org\/en\/wp-json\/wp\/v2\/posts\/3072","targetHints":{"allow":["GET"]}}],"collection":[{"href":"https:\/\/dajeroma.org\/en\/wp-json\/wp\/v2\/posts"}],"about":[{"href":"https:\/\/dajeroma.org\/en\/wp-json\/wp\/v2\/types\/post"}],"author":[{"embeddable":true,"href":"https:\/\/dajeroma.org\/en\/wp-json\/wp\/v2\/users\/1"}],"replies":[{"embeddable":true,"href":"https:\/\/dajeroma.org\/en\/wp-json\/wp\/v2\/comments?post=3072"}],"version-history":[{"count":3,"href":"https:\/\/dajeroma.org\/en\/wp-json\/wp\/v2\/posts\/3072\/revisions"}],"predecessor-version":[{"id":3076,"href":"https:\/\/dajeroma.org\/en\/wp-json\/wp\/v2\/posts\/3072\/revisions\/3076"}],"wp:featuredmedia":[{"embeddable":true,"href":"https:\/\/dajeroma.org\/en\/wp-json\/wp\/v2\/media\/3074"}],"wp:attachment":[{"href":"https:\/\/dajeroma.org\/en\/wp-json\/wp\/v2\/media?parent=3072"}],"wp:term":[{"taxonomy":"category","embeddable":true,"href":"https:\/\/dajeroma.org\/en\/wp-json\/wp\/v2\/categories?post=3072"},{"taxonomy":"post_tag","embeddable":true,"href":"https:\/\/dajeroma.org\/en\/wp-json\/wp\/v2\/tags?post=3072"}],"curies":[{"name":"wp","href":"https:\/\/api.w.org\/{rel}","templated":true}]}}