{"id":8105,"date":"2025-09-01T16:13:32","date_gmt":"2025-09-01T14:13:32","guid":{"rendered":"https:\/\/dajeroma.org\/?p=8105"},"modified":"2025-09-01T16:13:33","modified_gmt":"2025-09-01T14:13:33","slug":"pisa-roma-0-1-la-roma-come-personificazione-della-liberta-e-quindi-come-ragione-di-vita","status":"publish","type":"post","link":"https:\/\/dajeroma.org\/en\/2025\/09\/01\/pisa-roma-0-1-la-roma-come-personificazione-della-liberta-e-quindi-come-ragione-di-vita\/","title":{"rendered":"Pisa-Roma 0-1. Roma as the personification of freedom and therefore the reason for living."},"content":{"rendered":"<p class=\"wp-block-paragraph\">Perhaps the most famous figure from a city that has written history for so long as Pisa is Galileo Galilei. The inventor of the telescope, he discovered the motion of the Earth and invented the scientific method that still forms the basis of various scientific subjects today. He was tried by the Holy Inquisition for his then-revolutionary ideas, and in the end he recanted his beliefs, not sparing himself, however, before leaving the courtroom, saying: \"And yet it moves.\" Although perhaps this is just a legend.<\/p>\n\n\n\n<p class=\"wp-block-paragraph\">This leads one to ask whether there are any valid reasons as goals for one's life. Freedom is certainly a valid reason, as the partisans taught, as the Kurdish struggle against the so-called Islamic State taught, and as the Ukrainians, invaded and bombed by Russian imperialists, still teach.<\/p>\n\n\n\n<figure class=\"wp-block-image size-full\"><img loading=\"lazy\" decoding=\"async\" width=\"225\" height=\"225\" src=\"https:\/\/dajeroma.org\/wp-content\/uploads\/2023\/09\/SandroPertiniFascismo.jpg\" alt=\"\" class=\"wp-image-6573\" srcset=\"https:\/\/dajeroma.org\/wp-content\/uploads\/2023\/09\/SandroPertiniFascismo.jpg 225w, https:\/\/dajeroma.org\/wp-content\/uploads\/2023\/09\/SandroPertiniFascismo-150x150.jpg 150w, https:\/\/dajeroma.org\/wp-content\/uploads\/2023\/09\/SandroPertiniFascismo-12x12.jpg 12w\" sizes=\"auto, (max-width: 225px) 100vw, 225px\" \/><figcaption class=\"wp-element-caption\">For me, fascism cannot be considered a political faith. Fascism is the antithesis of all political faiths, because it oppresses the faiths of others. Sandro Pertini, Partisan, Socialist, President of the Republic.<\/figcaption><\/figure>\n\n\n\n<p class=\"wp-block-paragraph\">How right it is to be against the Israeli government at this time and to forcefully declare that Israel is committing genocide. There is no inconsistency in being on the side of the Ukrainians, Iranian women, and at the same time on the side of the Palestinians. It means always being against the oppressors. Against injustices against anyone, anywhere in the world, as Che Guevara said. It means being against imperialism and fascism in its various forms, such as Russian authoritarianism, Netanyahu's, sectarianism against the Palestinians, and against the cultural subjugation of women in Iran.<\/p>\n\n\n\n<p class=\"wp-block-paragraph\">It's right today to say \"Not in my name\" to the self-proclaimed Roma supporters who use Roma to spread their fascist and therefore despicable ideas. It's a duty to say it for Roma's anti-fascist supporters, like me, who comprise the majority of Roma fans and are ashamed to be lumped in with those who praised fascism in the shadow of the Leaning Tower of Pisa.<\/p>\n\n\n\n<figure class=\"wp-block-image size-full\"><img loading=\"lazy\" decoding=\"async\" width=\"680\" height=\"448\" src=\"https:\/\/dajeroma.org\/wp-content\/uploads\/2025\/09\/SettoreOspiti_Pisa_2526_1.jpg\" alt=\"\" class=\"wp-image-8107\" srcset=\"https:\/\/dajeroma.org\/wp-content\/uploads\/2025\/09\/SettoreOspiti_Pisa_2526_1.jpg 680w, https:\/\/dajeroma.org\/wp-content\/uploads\/2025\/09\/SettoreOspiti_Pisa_2526_1-300x198.jpg 300w, https:\/\/dajeroma.org\/wp-content\/uploads\/2025\/09\/SettoreOspiti_Pisa_2526_1-18x12.jpg 18w\" sizes=\"auto, (max-width: 680px) 100vw, 680px\" \/><figcaption class=\"wp-element-caption\">I'm very happy that all the Roma fans were together behind the same banner.<\/figcaption><\/figure>\n\n\n\n<p class=\"wp-block-paragraph\">The <em>pisisti<\/em> They were a tough obstacle. Especially in the first half when they had the best chances. In the second half, Dybala was decisive as a left winger. Playing a left-footed player on the left isn't recommended in any football manual. But Paulo is such a champion that he played a beautiful ball to Ferguson (an excellent performance), who then passed it to Soule. Mati fired a first-time shot against the post to the right of Semper, the Galilean goalkeeper, catching him on the counterattack.<\/p>\n\n\n\n<figure class=\"wp-block-table\"><table class=\"has-fixed-layout\"><tbody><tr><td>2nd Matchday Serie A<\/td><td>First Half<\/td><td>Second Half<\/td><td>Final Score<\/td><\/tr><tr><td><img decoding=\"async\" src=\"https:\/\/dajeroma.org\/wp-content\/uploads\/2025\/08\/Pisa_Google.png\"><\/td><td><center><font size=\"20\">0<\/font><\/center><\/td><td><center><font size=\"20\">0<\/font><\/center><\/td><td><center><font size=\"20\">0<\/font><\/center><\/td><\/tr><tr><td><img decoding=\"async\" src=\"https:\/\/dajeroma.org\/wp-content\/uploads\/2024\/08\/Lupetto_Twitter.jpg\"><\/td><td><center><font size=\"20\">0<\/font><\/center><\/td><td><center><font size=\"20\">1<\/font><\/center><\/td><td><center><font size=\"20\">1<\/font><\/center><\/td><\/tr><\/tbody><\/table><figcaption class=\"wp-element-caption\">55&#8242; Soul\u00e9<\/figcaption><\/figure>\n\n\n\n<p class=\"wp-block-paragraph\">Roma dominated the second half and came close to doubling their lead. Roma protested on a couple of occasions. With the score at 0-0, the Pisa defender's handball in a 3-on-1 situation seemed very clear to me, but referee Collu didn't see the need for a penalty. We'll see if the same decision is made in other matches, in similar situations.<\/p>\n\n\n\n<p class=\"wp-block-paragraph\">We're heading into the break with a perfect score. A situation that's hard to hope for, even for an optimist like me. The lads were humble and followed Gasp's teachings from the first minute. Gasp's Roma is even better than the last one under Ranieri. They're pressing harder, as Lazio supporter De Grandis (sorry for him) pointed out on Sky Sport, while maintaining defensive solidity at all times.<\/p>\n\n\n\n<p class=\"wp-block-paragraph\">Just as Putinism (or perhaps it's better to say Lavrovism, after Lavrov, the extremely powerful Foreign Minister) refers to the USSR only for imperialism and not for domestic policies favoring the poorer classes, so too Italian fascism aped the Roman Empire only to achieve the same level of dominance in the modern world. But the Roman Empire achieved that dominance precisely because it respected political, religious, cultural, and sexual freedoms. And this is also why fascism failed.<\/p>\n\n\n\n<figure class=\"wp-block-image size-full\"><img loading=\"lazy\" decoding=\"async\" width=\"960\" height=\"720\" src=\"https:\/\/dajeroma.org\/wp-content\/uploads\/2023\/06\/Cicerone.jpg\" alt=\"\" class=\"wp-image-6369\" srcset=\"https:\/\/dajeroma.org\/wp-content\/uploads\/2023\/06\/Cicerone.jpg 960w, https:\/\/dajeroma.org\/wp-content\/uploads\/2023\/06\/Cicerone-300x225.jpg 300w, https:\/\/dajeroma.org\/wp-content\/uploads\/2023\/06\/Cicerone-768x576.jpg 768w, https:\/\/dajeroma.org\/wp-content\/uploads\/2023\/06\/Cicerone-16x12.jpg 16w\" sizes=\"auto, (max-width: 960px) 100vw, 960px\" \/><figcaption class=\"wp-element-caption\">Rome is not merely a geographical entity. Rome is not circumscribed by rivers, mountains, or seas. Rome is not a question of race, blood, or religion. Rome is an ideal. Rome is the most sublime personification of freedom and law ever achieved by mankind. Cicero<\/figcaption><\/figure>\n\n\n\n<p class=\"wp-block-paragraph\">Daje Roma!<\/p>\n\n\n\n<p class=\"wp-block-paragraph\">Giordano Sepi<\/p>","protected":false},"excerpt":{"rendered":"<p>Forse il personaggio pi\u00f9 famoso di una citt\u00e0 che ha scritto per tanto tempo la Storia come Pisa \u00e8 Galileo Galilei. L&#8217;inventore del telescopio. Che scopr\u00ec il movimento della terra e invent\u00f2 il metodo scientifico ancora oggi alla base delle varie materie scientifiche. Fu processato dalla Santa Inquisizione per le idee all&#8217;epoca rivoluzionarie e lui [&hellip;]<\/p>\n","protected":false},"author":1,"featured_media":6369,"comment_status":"open","ping_status":"open","sticky":false,"template":"","format":"standard","meta":{"_crdt_document":"","footnotes":""},"categories":[10,199],"tags":[1740,1738],"class_list":["post-8105","post","type-post","status-publish","format-standard","has-post-thumbnail","hentry","category-postpartita","category-serie-a","tag-galilei","tag-pisa"],"blocksy_meta":[],"yoast_head":"<!-- This site is optimized with the Yoast SEO plugin v27.4 - https:\/\/yoast.com\/product\/yoast-seo-wordpress\/ -->\n<title>Pisa-Roma 0-1. La Roma come personificazione della libert\u00e0 e quindi come ragione di vita. - Daje Roma<\/title>\n<meta name=\"robots\" content=\"index, follow, max-snippet:-1, max-image-preview:large, max-video-preview:-1\" \/>\n<link rel=\"canonical\" href=\"https:\/\/dajeroma.org\/en\/2025\/09\/01\/pisa-roma-0-1-la-roma-come-personificazione-della-liberta-e-quindi-come-ragione-di-vita\/\" \/>\n<meta property=\"og:locale\" content=\"en_US\" \/>\n<meta property=\"og:type\" content=\"article\" \/>\n<meta property=\"og:title\" content=\"Pisa-Roma 0-1. La Roma come personificazione della libert\u00e0 e quindi come ragione di vita. - Daje Roma\" \/>\n<meta property=\"og:description\" content=\"Forse il personaggio pi\u00f9 famoso di una citt\u00e0 che ha scritto per tanto tempo la Storia come Pisa \u00e8 Galileo Galilei. L&#8217;inventore del telescopio. Che scopr\u00ec il movimento della terra e invent\u00f2 il metodo scientifico ancora oggi alla base delle varie materie scientifiche. Fu processato dalla Santa Inquisizione per le idee all&#8217;epoca rivoluzionarie e lui [&hellip;]\" \/>\n<meta property=\"og:url\" content=\"https:\/\/dajeroma.org\/en\/2025\/09\/01\/pisa-roma-0-1-la-roma-come-personificazione-della-liberta-e-quindi-come-ragione-di-vita\/\" \/>\n<meta property=\"og:site_name\" content=\"Daje Roma\" \/>\n<meta property=\"article:publisher\" content=\"https:\/\/www.facebook.com\/SangueOroAsRoma\" \/>\n<meta property=\"article:published_time\" content=\"2025-09-01T14:13:32+00:00\" \/>\n<meta property=\"article:modified_time\" content=\"2025-09-01T14:13:33+00:00\" \/>\n<meta property=\"og:image\" content=\"https:\/\/dajeroma.org\/wp-content\/uploads\/2023\/06\/Cicerone.jpg\" \/>\n\t<meta property=\"og:image:width\" content=\"960\" \/>\n\t<meta property=\"og:image:height\" content=\"720\" \/>\n\t<meta property=\"og:image:type\" content=\"image\/jpeg\" \/>\n<meta name=\"author\" content=\"loco\" \/>\n<meta name=\"twitter:card\" content=\"summary_large_image\" \/>\n<meta name=\"twitter:creator\" content=\"@GiordanoSepi\" \/>\n<meta name=\"twitter:site\" content=\"@GiordanoSepi\" \/>\n<meta name=\"twitter:label1\" content=\"Written by\" \/>\n\t<meta name=\"twitter:data1\" content=\"loco\" \/>\n\t<meta name=\"twitter:label2\" content=\"Est. reading time\" \/>\n\t<meta name=\"twitter:data2\" content=\"5 minutes\" \/>\n<script type=\"application\/ld+json\" class=\"yoast-schema-graph\">{\"@context\":\"https:\\\/\\\/schema.org\",\"@graph\":[{\"@type\":\"Article\",\"@id\":\"https:\\\/\\\/dajeroma.org\\\/2025\\\/09\\\/01\\\/pisa-roma-0-1-la-roma-come-personificazione-della-liberta-e-quindi-come-ragione-di-vita\\\/#article\",\"isPartOf\":{\"@id\":\"https:\\\/\\\/dajeroma.org\\\/2025\\\/09\\\/01\\\/pisa-roma-0-1-la-roma-come-personificazione-della-liberta-e-quindi-come-ragione-di-vita\\\/\"},\"author\":{\"name\":\"loco\",\"@id\":\"https:\\\/\\\/dajeroma.org\\\/en\\\/#\\\/schema\\\/person\\\/6e5e277ed3629273f1b2f76255b5a503\"},\"headline\":\"Pisa-Roma 0-1. La Roma come personificazione della libert\u00e0 e quindi come ragione di vita.\",\"datePublished\":\"2025-09-01T14:13:32+00:00\",\"dateModified\":\"2025-09-01T14:13:33+00:00\",\"mainEntityOfPage\":{\"@id\":\"https:\\\/\\\/dajeroma.org\\\/2025\\\/09\\\/01\\\/pisa-roma-0-1-la-roma-come-personificazione-della-liberta-e-quindi-come-ragione-di-vita\\\/\"},\"wordCount\":701,\"commentCount\":0,\"publisher\":{\"@id\":\"https:\\\/\\\/dajeroma.org\\\/en\\\/#organization\"},\"image\":{\"@id\":\"https:\\\/\\\/dajeroma.org\\\/2025\\\/09\\\/01\\\/pisa-roma-0-1-la-roma-come-personificazione-della-liberta-e-quindi-come-ragione-di-vita\\\/#primaryimage\"},\"thumbnailUrl\":\"https:\\\/\\\/dajeroma.org\\\/wp-content\\\/uploads\\\/2023\\\/06\\\/Cicerone.jpg\",\"keywords\":[\"galilei\",\"pisa\"],\"articleSection\":[\"postpartita\",\"Serie A\"],\"inLanguage\":\"en-US\",\"potentialAction\":[{\"@type\":\"CommentAction\",\"name\":\"Comment\",\"target\":[\"https:\\\/\\\/dajeroma.org\\\/2025\\\/09\\\/01\\\/pisa-roma-0-1-la-roma-come-personificazione-della-liberta-e-quindi-come-ragione-di-vita\\\/#respond\"]}]},{\"@type\":\"WebPage\",\"@id\":\"https:\\\/\\\/dajeroma.org\\\/2025\\\/09\\\/01\\\/pisa-roma-0-1-la-roma-come-personificazione-della-liberta-e-quindi-come-ragione-di-vita\\\/\",\"url\":\"https:\\\/\\\/dajeroma.org\\\/2025\\\/09\\\/01\\\/pisa-roma-0-1-la-roma-come-personificazione-della-liberta-e-quindi-come-ragione-di-vita\\\/\",\"name\":\"Pisa-Roma 0-1. La Roma come personificazione della libert\u00e0 e quindi come ragione di vita. - Daje Roma\",\"isPartOf\":{\"@id\":\"https:\\\/\\\/dajeroma.org\\\/en\\\/#website\"},\"primaryImageOfPage\":{\"@id\":\"https:\\\/\\\/dajeroma.org\\\/2025\\\/09\\\/01\\\/pisa-roma-0-1-la-roma-come-personificazione-della-liberta-e-quindi-come-ragione-di-vita\\\/#primaryimage\"},\"image\":{\"@id\":\"https:\\\/\\\/dajeroma.org\\\/2025\\\/09\\\/01\\\/pisa-roma-0-1-la-roma-come-personificazione-della-liberta-e-quindi-come-ragione-di-vita\\\/#primaryimage\"},\"thumbnailUrl\":\"https:\\\/\\\/dajeroma.org\\\/wp-content\\\/uploads\\\/2023\\\/06\\\/Cicerone.jpg\",\"datePublished\":\"2025-09-01T14:13:32+00:00\",\"dateModified\":\"2025-09-01T14:13:33+00:00\",\"breadcrumb\":{\"@id\":\"https:\\\/\\\/dajeroma.org\\\/2025\\\/09\\\/01\\\/pisa-roma-0-1-la-roma-come-personificazione-della-liberta-e-quindi-come-ragione-di-vita\\\/#breadcrumb\"},\"inLanguage\":\"en-US\",\"potentialAction\":[{\"@type\":\"ReadAction\",\"target\":[\"https:\\\/\\\/dajeroma.org\\\/2025\\\/09\\\/01\\\/pisa-roma-0-1-la-roma-come-personificazione-della-liberta-e-quindi-come-ragione-di-vita\\\/\"]}]},{\"@type\":\"ImageObject\",\"inLanguage\":\"en-US\",\"@id\":\"https:\\\/\\\/dajeroma.org\\\/2025\\\/09\\\/01\\\/pisa-roma-0-1-la-roma-come-personificazione-della-liberta-e-quindi-come-ragione-di-vita\\\/#primaryimage\",\"url\":\"https:\\\/\\\/dajeroma.org\\\/wp-content\\\/uploads\\\/2023\\\/06\\\/Cicerone.jpg\",\"contentUrl\":\"https:\\\/\\\/dajeroma.org\\\/wp-content\\\/uploads\\\/2023\\\/06\\\/Cicerone.jpg\",\"width\":960,\"height\":720},{\"@type\":\"BreadcrumbList\",\"@id\":\"https:\\\/\\\/dajeroma.org\\\/2025\\\/09\\\/01\\\/pisa-roma-0-1-la-roma-come-personificazione-della-liberta-e-quindi-come-ragione-di-vita\\\/#breadcrumb\",\"itemListElement\":[{\"@type\":\"ListItem\",\"position\":1,\"name\":\"Home\",\"item\":\"https:\\\/\\\/dajeroma.org\\\/en\\\/\"},{\"@type\":\"ListItem\",\"position\":2,\"name\":\"Pisa-Roma 0-1. La Roma come personificazione della libert\u00e0 e quindi come ragione di vita.\"}]},{\"@type\":\"WebSite\",\"@id\":\"https:\\\/\\\/dajeroma.org\\\/en\\\/#website\",\"url\":\"https:\\\/\\\/dajeroma.org\\\/en\\\/\",\"name\":\"DajeRoma\",\"description\":\"Se non la sostieni, non chiamarti Romanista!\",\"publisher\":{\"@id\":\"https:\\\/\\\/dajeroma.org\\\/en\\\/#organization\"},\"potentialAction\":[{\"@type\":\"SearchAction\",\"target\":{\"@type\":\"EntryPoint\",\"urlTemplate\":\"https:\\\/\\\/dajeroma.org\\\/en\\\/?s={search_term_string}\"},\"query-input\":{\"@type\":\"PropertyValueSpecification\",\"valueRequired\":true,\"valueName\":\"search_term_string\"}}],\"inLanguage\":\"en-US\"},{\"@type\":\"Organization\",\"@id\":\"https:\\\/\\\/dajeroma.org\\\/en\\\/#organization\",\"name\":\"Daje Roma\",\"url\":\"https:\\\/\\\/dajeroma.org\\\/en\\\/\",\"logo\":{\"@type\":\"ImageObject\",\"inLanguage\":\"en-US\",\"@id\":\"https:\\\/\\\/dajeroma.org\\\/en\\\/#\\\/schema\\\/logo\\\/image\\\/\",\"url\":\"https:\\\/\\\/dajeroma.org\\\/wp-content\\\/uploads\\\/2017\\\/03\\\/dajeromadaje.jpg\",\"contentUrl\":\"https:\\\/\\\/dajeroma.org\\\/wp-content\\\/uploads\\\/2017\\\/03\\\/dajeromadaje.jpg\",\"width\":1104,\"height\":403,\"caption\":\"Daje Roma\"},\"image\":{\"@id\":\"https:\\\/\\\/dajeroma.org\\\/en\\\/#\\\/schema\\\/logo\\\/image\\\/\"},\"sameAs\":[\"https:\\\/\\\/www.facebook.com\\\/SangueOroAsRoma\",\"https:\\\/\\\/x.com\\\/GiordanoSepi\",\"https:\\\/\\\/www.youtube.com\\\/channel\\\/UC7OuuISCAY3i0wC9HrI0iUA?view_as=subscriber\"]},{\"@type\":\"Person\",\"@id\":\"https:\\\/\\\/dajeroma.org\\\/en\\\/#\\\/schema\\\/person\\\/6e5e277ed3629273f1b2f76255b5a503\",\"name\":\"loco\",\"image\":{\"@type\":\"ImageObject\",\"inLanguage\":\"en-US\",\"@id\":\"https:\\\/\\\/secure.gravatar.com\\\/avatar\\\/72396e0bc5149cb51c227a802fbf4dd424600ffe126a0ae3293206a7ad5ddadc?s=96&d=mm&r=g\",\"url\":\"https:\\\/\\\/secure.gravatar.com\\\/avatar\\\/72396e0bc5149cb51c227a802fbf4dd424600ffe126a0ae3293206a7ad5ddadc?s=96&d=mm&r=g\",\"contentUrl\":\"https:\\\/\\\/secure.gravatar.com\\\/avatar\\\/72396e0bc5149cb51c227a802fbf4dd424600ffe126a0ae3293206a7ad5ddadc?s=96&d=mm&r=g\",\"caption\":\"loco\"},\"url\":\"https:\\\/\\\/dajeroma.org\\\/en\\\/author\\\/loco\\\/\"}]}<\/script>\n<!-- \/ Yoast SEO plugin. -->","yoast_head_json":{"title":"Pisa-Roma 0-1. La Roma come personificazione della libert\u00e0 e quindi come ragione di vita. - Daje Roma","robots":{"index":"index","follow":"follow","max-snippet":"max-snippet:-1","max-image-preview":"max-image-preview:large","max-video-preview":"max-video-preview:-1"},"canonical":"https:\/\/dajeroma.org\/en\/2025\/09\/01\/pisa-roma-0-1-la-roma-come-personificazione-della-liberta-e-quindi-come-ragione-di-vita\/","og_locale":"en_US","og_type":"article","og_title":"Pisa-Roma 0-1. La Roma come personificazione della libert\u00e0 e quindi come ragione di vita. - Daje Roma","og_description":"Forse il personaggio pi\u00f9 famoso di una citt\u00e0 che ha scritto per tanto tempo la Storia come Pisa \u00e8 Galileo Galilei. L&#8217;inventore del telescopio. Che scopr\u00ec il movimento della terra e invent\u00f2 il metodo scientifico ancora oggi alla base delle varie materie scientifiche. Fu processato dalla Santa Inquisizione per le idee all&#8217;epoca rivoluzionarie e lui [&hellip;]","og_url":"https:\/\/dajeroma.org\/en\/2025\/09\/01\/pisa-roma-0-1-la-roma-come-personificazione-della-liberta-e-quindi-come-ragione-di-vita\/","og_site_name":"Daje Roma","article_publisher":"https:\/\/www.facebook.com\/SangueOroAsRoma","article_published_time":"2025-09-01T14:13:32+00:00","article_modified_time":"2025-09-01T14:13:33+00:00","og_image":[{"width":960,"height":720,"url":"https:\/\/dajeroma.org\/wp-content\/uploads\/2023\/06\/Cicerone.jpg","type":"image\/jpeg"}],"author":"loco","twitter_card":"summary_large_image","twitter_creator":"@GiordanoSepi","twitter_site":"@GiordanoSepi","twitter_misc":{"Written by":"loco","Est. reading time":"5 minutes"},"schema":{"@context":"https:\/\/schema.org","@graph":[{"@type":"Article","@id":"https:\/\/dajeroma.org\/2025\/09\/01\/pisa-roma-0-1-la-roma-come-personificazione-della-liberta-e-quindi-come-ragione-di-vita\/#article","isPartOf":{"@id":"https:\/\/dajeroma.org\/2025\/09\/01\/pisa-roma-0-1-la-roma-come-personificazione-della-liberta-e-quindi-come-ragione-di-vita\/"},"author":{"name":"loco","@id":"https:\/\/dajeroma.org\/en\/#\/schema\/person\/6e5e277ed3629273f1b2f76255b5a503"},"headline":"Pisa-Roma 0-1. La Roma come personificazione della libert\u00e0 e quindi come ragione di vita.","datePublished":"2025-09-01T14:13:32+00:00","dateModified":"2025-09-01T14:13:33+00:00","mainEntityOfPage":{"@id":"https:\/\/dajeroma.org\/2025\/09\/01\/pisa-roma-0-1-la-roma-come-personificazione-della-liberta-e-quindi-come-ragione-di-vita\/"},"wordCount":701,"commentCount":0,"publisher":{"@id":"https:\/\/dajeroma.org\/en\/#organization"},"image":{"@id":"https:\/\/dajeroma.org\/2025\/09\/01\/pisa-roma-0-1-la-roma-come-personificazione-della-liberta-e-quindi-come-ragione-di-vita\/#primaryimage"},"thumbnailUrl":"https:\/\/dajeroma.org\/wp-content\/uploads\/2023\/06\/Cicerone.jpg","keywords":["galilei","pisa"],"articleSection":["postpartita","Serie A"],"inLanguage":"en-US","potentialAction":[{"@type":"CommentAction","name":"Comment","target":["https:\/\/dajeroma.org\/2025\/09\/01\/pisa-roma-0-1-la-roma-come-personificazione-della-liberta-e-quindi-come-ragione-di-vita\/#respond"]}]},{"@type":"WebPage","@id":"https:\/\/dajeroma.org\/2025\/09\/01\/pisa-roma-0-1-la-roma-come-personificazione-della-liberta-e-quindi-come-ragione-di-vita\/","url":"https:\/\/dajeroma.org\/2025\/09\/01\/pisa-roma-0-1-la-roma-come-personificazione-della-liberta-e-quindi-come-ragione-di-vita\/","name":"Pisa-Roma 0-1. La Roma come personificazione della libert\u00e0 e quindi come ragione di vita. - Daje Roma","isPartOf":{"@id":"https:\/\/dajeroma.org\/en\/#website"},"primaryImageOfPage":{"@id":"https:\/\/dajeroma.org\/2025\/09\/01\/pisa-roma-0-1-la-roma-come-personificazione-della-liberta-e-quindi-come-ragione-di-vita\/#primaryimage"},"image":{"@id":"https:\/\/dajeroma.org\/2025\/09\/01\/pisa-roma-0-1-la-roma-come-personificazione-della-liberta-e-quindi-come-ragione-di-vita\/#primaryimage"},"thumbnailUrl":"https:\/\/dajeroma.org\/wp-content\/uploads\/2023\/06\/Cicerone.jpg","datePublished":"2025-09-01T14:13:32+00:00","dateModified":"2025-09-01T14:13:33+00:00","breadcrumb":{"@id":"https:\/\/dajeroma.org\/2025\/09\/01\/pisa-roma-0-1-la-roma-come-personificazione-della-liberta-e-quindi-come-ragione-di-vita\/#breadcrumb"},"inLanguage":"en-US","potentialAction":[{"@type":"ReadAction","target":["https:\/\/dajeroma.org\/2025\/09\/01\/pisa-roma-0-1-la-roma-come-personificazione-della-liberta-e-quindi-come-ragione-di-vita\/"]}]},{"@type":"ImageObject","inLanguage":"en-US","@id":"https:\/\/dajeroma.org\/2025\/09\/01\/pisa-roma-0-1-la-roma-come-personificazione-della-liberta-e-quindi-come-ragione-di-vita\/#primaryimage","url":"https:\/\/dajeroma.org\/wp-content\/uploads\/2023\/06\/Cicerone.jpg","contentUrl":"https:\/\/dajeroma.org\/wp-content\/uploads\/2023\/06\/Cicerone.jpg","width":960,"height":720},{"@type":"BreadcrumbList","@id":"https:\/\/dajeroma.org\/2025\/09\/01\/pisa-roma-0-1-la-roma-come-personificazione-della-liberta-e-quindi-come-ragione-di-vita\/#breadcrumb","itemListElement":[{"@type":"ListItem","position":1,"name":"Home","item":"https:\/\/dajeroma.org\/en\/"},{"@type":"ListItem","position":2,"name":"Pisa-Roma 0-1. La Roma come personificazione della libert\u00e0 e quindi come ragione di vita."}]},{"@type":"WebSite","@id":"https:\/\/dajeroma.org\/en\/#website","url":"https:\/\/dajeroma.org\/en\/","name":"DajeRoma","description":"Se non la sostieni, non chiamarti Romanista!","publisher":{"@id":"https:\/\/dajeroma.org\/en\/#organization"},"potentialAction":[{"@type":"SearchAction","target":{"@type":"EntryPoint","urlTemplate":"https:\/\/dajeroma.org\/en\/?s={search_term_string}"},"query-input":{"@type":"PropertyValueSpecification","valueRequired":true,"valueName":"search_term_string"}}],"inLanguage":"en-US"},{"@type":"Organization","@id":"https:\/\/dajeroma.org\/en\/#organization","name":"Daje Roma","url":"https:\/\/dajeroma.org\/en\/","logo":{"@type":"ImageObject","inLanguage":"en-US","@id":"https:\/\/dajeroma.org\/en\/#\/schema\/logo\/image\/","url":"https:\/\/dajeroma.org\/wp-content\/uploads\/2017\/03\/dajeromadaje.jpg","contentUrl":"https:\/\/dajeroma.org\/wp-content\/uploads\/2017\/03\/dajeromadaje.jpg","width":1104,"height":403,"caption":"Daje Roma"},"image":{"@id":"https:\/\/dajeroma.org\/en\/#\/schema\/logo\/image\/"},"sameAs":["https:\/\/www.facebook.com\/SangueOroAsRoma","https:\/\/x.com\/GiordanoSepi","https:\/\/www.youtube.com\/channel\/UC7OuuISCAY3i0wC9HrI0iUA?view_as=subscriber"]},{"@type":"Person","@id":"https:\/\/dajeroma.org\/en\/#\/schema\/person\/6e5e277ed3629273f1b2f76255b5a503","name":"loco","image":{"@type":"ImageObject","inLanguage":"en-US","@id":"https:\/\/secure.gravatar.com\/avatar\/72396e0bc5149cb51c227a802fbf4dd424600ffe126a0ae3293206a7ad5ddadc?s=96&d=mm&r=g","url":"https:\/\/secure.gravatar.com\/avatar\/72396e0bc5149cb51c227a802fbf4dd424600ffe126a0ae3293206a7ad5ddadc?s=96&d=mm&r=g","contentUrl":"https:\/\/secure.gravatar.com\/avatar\/72396e0bc5149cb51c227a802fbf4dd424600ffe126a0ae3293206a7ad5ddadc?s=96&d=mm&r=g","caption":"loco"},"url":"https:\/\/dajeroma.org\/en\/author\/loco\/"}]}},"_links":{"self":[{"href":"https:\/\/dajeroma.org\/en\/wp-json\/wp\/v2\/posts\/8105","targetHints":{"allow":["GET"]}}],"collection":[{"href":"https:\/\/dajeroma.org\/en\/wp-json\/wp\/v2\/posts"}],"about":[{"href":"https:\/\/dajeroma.org\/en\/wp-json\/wp\/v2\/types\/post"}],"author":[{"embeddable":true,"href":"https:\/\/dajeroma.org\/en\/wp-json\/wp\/v2\/users\/1"}],"replies":[{"embeddable":true,"href":"https:\/\/dajeroma.org\/en\/wp-json\/wp\/v2\/comments?post=8105"}],"version-history":[{"count":4,"href":"https:\/\/dajeroma.org\/en\/wp-json\/wp\/v2\/posts\/8105\/revisions"}],"predecessor-version":[{"id":8110,"href":"https:\/\/dajeroma.org\/en\/wp-json\/wp\/v2\/posts\/8105\/revisions\/8110"}],"wp:featuredmedia":[{"embeddable":true,"href":"https:\/\/dajeroma.org\/en\/wp-json\/wp\/v2\/media\/6369"}],"wp:attachment":[{"href":"https:\/\/dajeroma.org\/en\/wp-json\/wp\/v2\/media?parent=8105"}],"wp:term":[{"taxonomy":"category","embeddable":true,"href":"https:\/\/dajeroma.org\/en\/wp-json\/wp\/v2\/categories?post=8105"},{"taxonomy":"post_tag","embeddable":true,"href":"https:\/\/dajeroma.org\/en\/wp-json\/wp\/v2\/tags?post=8105"}],"curies":[{"name":"wp","href":"https:\/\/api.w.org\/{rel}","templated":true}]}}