{"id":8906,"date":"2026-09-02T08:21:16","date_gmt":"2026-09-02T06:21:16","guid":{"rendered":"https:\/\/dajeroma.org\/?p=8906"},"modified":"2026-09-02T13:27:23","modified_gmt":"2026-09-02T11:27:23","slug":"atalanta-il-potere-del-popolo-lecce-roma-0-4","status":"publish","type":"post","link":"https:\/\/dajeroma.org\/en\/2026\/09\/02\/atalanta-il-potere-del-popolo-lecce-roma-0-4\/","title":{"rendered":"Atalanta. People Power. Lecce-Roma 0-4."},"content":{"rendered":"<p class=\"wp-block-paragraph\">Roma started well. A 4-0 victory in the first two matchdays. Victory was not a given on a difficult (highly windy) and poorly maintained (sandy) pitch like Via del Mare. But now we must already focus on the match at the Olimpico against Atalanta. That's all there is to it for the future. But we must take it game by game. Step by step. Just as the next steps for world peace are the elections in Israel and the midterm elections in the US.<\/p>\n\n\n\n<p class=\"wp-block-paragraph\">The most important observation is that Atalanta has a great defensive phase and fast wingers, so it will be important to attack and unlock the match, but at the same time we will have to be wary of possible counterattacks.<\/p>\n\n\n\n<figure class=\"wp-block-image size-large\"><img loading=\"lazy\" decoding=\"async\" width=\"1024\" height=\"576\" src=\"https:\/\/dajeroma.org\/wp-content\/uploads\/2026\/08\/Atalanta_2627_4123-1024x576.jpg\" alt=\"\" class=\"wp-image-8918\" srcset=\"https:\/\/dajeroma.org\/wp-content\/uploads\/2026\/08\/Atalanta_2627_4123-1024x576.jpg 1024w, https:\/\/dajeroma.org\/wp-content\/uploads\/2026\/08\/Atalanta_2627_4123-300x169.jpg 300w, https:\/\/dajeroma.org\/wp-content\/uploads\/2026\/08\/Atalanta_2627_4123-768x432.jpg 768w, https:\/\/dajeroma.org\/wp-content\/uploads\/2026\/08\/Atalanta_2627_4123-18x10.jpg 18w, https:\/\/dajeroma.org\/wp-content\/uploads\/2026\/08\/Atalanta_2627_4123-1536x864.jpg 1536w, https:\/\/dajeroma.org\/wp-content\/uploads\/2026\/08\/Atalanta_2627_4123.jpg 1920w\" sizes=\"auto, (max-width: 1024px) 100vw, 1024px\" \/><figcaption class=\"wp-element-caption\">Sarri lines up a 433 (more specifically, a 4123) with Gaetano as a playmaker, Samardzic (left-footed) as a right midfielder (here Pasalic), and Ederson as a left midfielder. They essentially form an inverted triangle. Cassa is a striker who comes from the youth teams due to the emergency regarding external attackers resolved with the arrival of Rowe.<\/figcaption><\/figure>\n\n\n\n<figure class=\"wp-block-image size-large\"><img loading=\"lazy\" decoding=\"async\" width=\"1024\" height=\"576\" src=\"https:\/\/dajeroma.org\/wp-content\/uploads\/2026\/08\/Atalanta_2627_1_Cornerazona-1024x576.jpg\" alt=\"\" class=\"wp-image-8921\" srcset=\"https:\/\/dajeroma.org\/wp-content\/uploads\/2026\/08\/Atalanta_2627_1_Cornerazona-1024x576.jpg 1024w, https:\/\/dajeroma.org\/wp-content\/uploads\/2026\/08\/Atalanta_2627_1_Cornerazona-300x169.jpg 300w, https:\/\/dajeroma.org\/wp-content\/uploads\/2026\/08\/Atalanta_2627_1_Cornerazona-768x432.jpg 768w, https:\/\/dajeroma.org\/wp-content\/uploads\/2026\/08\/Atalanta_2627_1_Cornerazona-18x10.jpg 18w, https:\/\/dajeroma.org\/wp-content\/uploads\/2026\/08\/Atalanta_2627_1_Cornerazona-1536x864.jpg 1536w, https:\/\/dajeroma.org\/wp-content\/uploads\/2026\/08\/Atalanta_2627_1_Cornerazona.jpg 1920w\" sizes=\"auto, (max-width: 1024px) 100vw, 1024px\" \/><figcaption class=\"wp-element-caption\">They defend in zones on corner.<\/figcaption><\/figure>\n\n\n\n<p class=\"wp-block-paragraph\">Gaetano is the fulcrum of the game. If they can find him in the build-up against the pressing, they can turn the pitch around and create chances.<\/p>\n\n\n\n<figure class=\"wp-block-image size-full\"><img loading=\"lazy\" decoding=\"async\" width=\"478\" height=\"298\" src=\"https:\/\/dajeroma.org\/wp-content\/uploads\/2026\/08\/Atalanta_2627_1_CostruzioneconSamardzic.jpg\" alt=\"\" class=\"wp-image-8917\" srcset=\"https:\/\/dajeroma.org\/wp-content\/uploads\/2026\/08\/Atalanta_2627_1_CostruzioneconSamardzic.jpg 478w, https:\/\/dajeroma.org\/wp-content\/uploads\/2026\/08\/Atalanta_2627_1_CostruzioneconSamardzic-300x187.jpg 300w, https:\/\/dajeroma.org\/wp-content\/uploads\/2026\/08\/Atalanta_2627_1_CostruzioneconSamardzic-18x11.jpg 18w\" sizes=\"auto, (max-width: 478px) 100vw, 478px\" \/><figcaption class=\"wp-element-caption\">Alternatively they can build with Scalvini. Here we see a mechanism they often use involving Samardzic (1) to free up Scalvini (2a) or Gaetano, who is chosen less often (2b).<\/figcaption><\/figure>\n\n\n\n<p class=\"wp-block-paragraph\">A sinistra viene schierato Raspadori o Zalewski. Il secondo \u00e8 pi\u00f9 bravo perch\u00e9 si accentra e pu\u00f2 cercare il tiro di destro e anche cos\u00ec lasciare spazio alle sue spalle per gli inserimenti di Bernasconi, mentre Kolasinac \u00e8 un terzino sinistro pi\u00f9 difensivo.<\/p>\n\n\n\n<figure class=\"wp-block-image size-full\"><img loading=\"lazy\" decoding=\"async\" width=\"478\" height=\"298\" src=\"https:\/\/dajeroma.org\/wp-content\/uploads\/2026\/09\/Atalanta_2627_1_433.jpg\" alt=\"\" class=\"wp-image-8938\" srcset=\"https:\/\/dajeroma.org\/wp-content\/uploads\/2026\/09\/Atalanta_2627_1_433.jpg 478w, https:\/\/dajeroma.org\/wp-content\/uploads\/2026\/09\/Atalanta_2627_1_433-18x11.jpg 18w, https:\/\/dajeroma.org\/wp-content\/uploads\/2026\/09\/Atalanta_2627_1_433-300x187.jpg 300w\" sizes=\"auto, (max-width: 478px) 100vw, 478px\" \/><figcaption class=\"wp-element-caption\">De Ketelaere (left-footed) could be deployed on the right: he's good at moving towards the center and shooting with his left foot. CDK is actually more of an attacking midfielder than a winger, so they usually start with Raspadori on the left wing and Zalewski on the right wing (also good with his left foot, but with his preferred foot, being right). Also watch out for Samardzic on the right flank, who is left-footed and has a good attacking ability, especially with his long-range shots.<\/figcaption><\/figure>\n\n\n\n<p class=\"wp-block-paragraph\">Non escludo che Sarri possa far giocare il nuovo acquisto Rowe o come attaccante sinistro o come attaccante destro.<\/p>\n\n\n\n<p class=\"wp-block-paragraph\">In the global context, peace seems impossible without toppling Netanyahu and Trump from their thrones. In this sense, the world's people feel helpless. But the Israeli and American people have a powerful weapon in their favor: the vote. If they truly want peace for Israel and the US, they must remove these two idiots from their seats by voting for Yashar in Israel and for the Democrats in the US, who can then proceed to impeach that madman, imbecile, and criminal Trump. I truly hope the Democrats win both chambers (the House of Representatives and the Senate).<\/p>\n\n\n\n<p class=\"wp-block-paragraph\">The situation in old Europe is also worrying, with the far right potentially taking power in Great Britain, France, and Germany (!). People must react to this dire possibility, which could spell the disintegration of the European dream, and must forcefully vote for anti-fascist parties. The charlatans in power are exposed, but they could cause irreparable damage, as happened in Israel and the USA.<\/p>\n\n\n\n<p class=\"wp-block-paragraph\">Meanwhile, the Roma fans were anxiously following their favorites on the radio, social media, and TV, given the authorities' refusal to allow them to watch Roma live in Lecce.<\/p>\n\n\n\n<p class=\"wp-block-paragraph\">It was a match dominated from the start. Malen was amazing. Dybala did well. The defense was perfect. Kon\u00e8 and Cristante did well in midfield. Mancini was excellent on Geubbels. Soul\u00e9 did well at left attack, and Mora had excellent ball control.<\/p>\n\n\n\n<figure class=\"wp-block-table\"><table class=\"has-fixed-layout\"><tbody><tr><td>2nd Serie A<\/td><td>First Half<\/td><td>Second Half<\/td><td>Final Score<\/td><td>Scorers<\/td><\/tr><tr><td><img decoding=\"async\" src=\"https:\/\/dajeroma.org\/wp-content\/uploads\/2026\/08\/lecce_edge.png\"><\/td><td><center><font size=\"20\">0<\/font><\/center><\/td><td><center><font size=\"20\">0<\/font><\/center><\/td><td><center><font size=\"20\">0<\/font><\/center><\/td><td><\/td><\/tr><tr><td><img decoding=\"async\" src=\"https:\/\/dajeroma.org\/wp-content\/uploads\/2026\/08\/lupetto_100px.png\"><\/td><td><center><font size=\"20\">3<\/font><\/center><\/td><td><center><font size=\"20\">1<\/font><\/center><\/td><td><center><font size=\"20\">4<\/font><\/center><\/td><td>4&#8242;, 23&#8242; Malen, 25&#8242; Soul\u00e9, 65&#8242; Mora<\/td><\/tr><\/tbody><\/table><figcaption class=\"wp-element-caption\">Hermoso's clearance finds Dybala, who looks for Malen. Gaspar intervenes, but assist unfortunately Malen in front of Falcone. 0-1<br>Hermoso frees Wesley at the bottom, who passes to Malen, who chips in with Falcone nearby. 0-2<br>Malen frees Soul\u00e9 in front of Falcone. Falcone saves. And Soul\u00e9 reiterates in the net. 0-3<br>Roma play several passes into the Lecce's box. Malen passes to Mancini for Mora, who finishes the ball into the corner of the goal. 0-4<\/figcaption><\/figure>\n\n\n\n<figure class=\"wp-block-image size-full\"><img loading=\"lazy\" decoding=\"async\" width=\"478\" height=\"298\" src=\"https:\/\/dajeroma.org\/wp-content\/uploads\/2026\/09\/Roma_2627_4.jpg\" alt=\"\" class=\"wp-image-8939\" srcset=\"https:\/\/dajeroma.org\/wp-content\/uploads\/2026\/09\/Roma_2627_4.jpg 478w, https:\/\/dajeroma.org\/wp-content\/uploads\/2026\/09\/Roma_2627_4-300x187.jpg 300w, https:\/\/dajeroma.org\/wp-content\/uploads\/2026\/09\/Roma_2627_4-18x11.jpg 18w\" sizes=\"auto, (max-width: 478px) 100vw, 478px\" \/><figcaption class=\"wp-element-caption\">This is Roma after the summer transfer window. I included dual positions because, for example, Ndicka's first replacement at center back is Mancini, not Balerdi. Wherever I've placed multi-position players, there are usually three players. As Gasp wanted, we have two players per position. The only exception is the left attacking midfielder position, where Gasp wanted two left attacking midfielders plus Pellegrini, but I don't think that's a problem. The team is very competitive even like this. If we had to buy more players, they should have gotten Gasp's approval. If the fans on social media aren't happy, we'll get over it.<\/figcaption><\/figure>\n\n\n\n<p class=\"wp-block-paragraph\">In the end, it's always a question of the people. It's the people who decide, through their votes, the future of Israel, the USA, and Europe. It's the people who are the true driving force of football. And it's the Romanistas who must lead Roma on Saturday at the Olimpico against Atalanta. <\/p>\n\n\n\n<p class=\"wp-block-paragraph\">Daje Roma!<\/p>\n\n\n\n<p class=\"wp-block-paragraph\">Giordano Sepi<\/p>","protected":false},"excerpt":{"rendered":"<p>La Roma \u00e8 partita bene. Doppio 4-0 nelle prime due giornate. Non scontata la vittoria in un campo ostico (tanto vento) e malmesso (pieno di sabbia) come quello di Via del Mare. Ma adesso dobbiamo gi\u00e0 pensare alla sfida dell&#8217;Olimpico contro l&#8217;Atalanta. E&#8217; tutto fieno in cascina per il futuro. Ma dobbiamo pensare partita dopo [&hellip;]<\/p>\n","protected":false},"author":1,"featured_media":8938,"comment_status":"open","ping_status":"open","sticky":false,"template":"","format":"standard","meta":{"footnotes":""},"categories":[10,4,199],"tags":[],"class_list":["post-8906","post","type-post","status-publish","format-standard","has-post-thumbnail","hentry","category-postpartita","category-prepartita","category-serie-a"],"blocksy_meta":{"styles_descriptor":{"styles":{"desktop":"","tablet":"","mobile":""},"google_fonts":[],"version":7}},"yoast_head":"<!-- This site is optimized with the Yoast SEO plugin v28.4 - https:\/\/yoast.com\/product\/yoast-seo-wordpress\/ -->\n<title>Atalanta. Il potere del popolo. Lecce-Roma 0-4. - Daje Roma<\/title>\n<meta name=\"robots\" content=\"index, follow, max-snippet:-1, max-image-preview:large, max-video-preview:-1\" \/>\n<link rel=\"canonical\" href=\"https:\/\/dajeroma.org\/en\/2026\/09\/02\/atalanta-il-potere-del-popolo-lecce-roma-0-4\/\" \/>\n<meta property=\"og:locale\" content=\"en_US\" \/>\n<meta property=\"og:type\" content=\"article\" \/>\n<meta property=\"og:title\" content=\"Atalanta. Il potere del popolo. Lecce-Roma 0-4. - Daje Roma\" \/>\n<meta property=\"og:description\" content=\"La Roma \u00e8 partita bene. Doppio 4-0 nelle prime due giornate. Non scontata la vittoria in un campo ostico (tanto vento) e malmesso (pieno di sabbia) come quello di Via del Mare. Ma adesso dobbiamo gi\u00e0 pensare alla sfida dell&#8217;Olimpico contro l&#8217;Atalanta. E&#8217; tutto fieno in cascina per il futuro. Ma dobbiamo pensare partita dopo [&hellip;]\" \/>\n<meta property=\"og:url\" content=\"https:\/\/dajeroma.org\/en\/2026\/09\/02\/atalanta-il-potere-del-popolo-lecce-roma-0-4\/\" \/>\n<meta property=\"og:site_name\" content=\"Daje Roma\" \/>\n<meta property=\"article:publisher\" content=\"https:\/\/www.facebook.com\/SangueOroAsRoma\" \/>\n<meta property=\"article:published_time\" content=\"2026-09-02T06:21:16+00:00\" \/>\n<meta property=\"article:modified_time\" content=\"2026-09-02T11:27:23+00:00\" \/>\n<meta property=\"og:image\" content=\"https:\/\/dajeroma.org\/wp-content\/uploads\/2026\/09\/Atalanta_2627_1_433.jpg\" \/>\n\t<meta property=\"og:image:width\" content=\"478\" \/>\n\t<meta property=\"og:image:height\" content=\"298\" \/>\n\t<meta property=\"og:image:type\" content=\"image\/jpeg\" \/>\n<meta name=\"author\" content=\"loco\" \/>\n<meta name=\"twitter:card\" content=\"summary_large_image\" \/>\n<meta name=\"twitter:creator\" content=\"@GiordanoSepi\" \/>\n<meta name=\"twitter:site\" content=\"@GiordanoSepi\" \/>\n<meta name=\"twitter:label1\" content=\"Written by\" \/>\n\t<meta name=\"twitter:data1\" content=\"loco\" \/>\n\t<meta name=\"twitter:label2\" content=\"Est. reading time\" \/>\n\t<meta name=\"twitter:data2\" content=\"6 minutes\" \/>\n<script type=\"application\/ld+json\" class=\"yoast-schema-graph\">{\"@context\":\"https:\\\/\\\/schema.org\",\"@graph\":[{\"@type\":\"Article\",\"@id\":\"https:\\\/\\\/dajeroma.org\\\/2026\\\/09\\\/02\\\/atalanta-il-potere-del-popolo-lecce-roma-0-4\\\/#article\",\"isPartOf\":{\"@id\":\"https:\\\/\\\/dajeroma.org\\\/2026\\\/09\\\/02\\\/atalanta-il-potere-del-popolo-lecce-roma-0-4\\\/\"},\"author\":{\"name\":\"loco\",\"@id\":\"https:\\\/\\\/dajeroma.org\\\/en\\\/#\\\/schema\\\/person\\\/6e5e277ed3629273f1b2f76255b5a503\"},\"headline\":\"Atalanta. Il potere del popolo. Lecce-Roma 0-4.\",\"datePublished\":\"2026-09-02T06:21:16+00:00\",\"dateModified\":\"2026-09-02T11:27:23+00:00\",\"mainEntityOfPage\":{\"@id\":\"https:\\\/\\\/dajeroma.org\\\/2026\\\/09\\\/02\\\/atalanta-il-potere-del-popolo-lecce-roma-0-4\\\/\"},\"wordCount\":814,\"commentCount\":0,\"publisher\":{\"@id\":\"https:\\\/\\\/dajeroma.org\\\/en\\\/#organization\"},\"image\":{\"@id\":\"https:\\\/\\\/dajeroma.org\\\/2026\\\/09\\\/02\\\/atalanta-il-potere-del-popolo-lecce-roma-0-4\\\/#primaryimage\"},\"thumbnailUrl\":\"https:\\\/\\\/dajeroma.org\\\/wp-content\\\/uploads\\\/2026\\\/09\\\/Atalanta_2627_1_433.jpg\",\"articleSection\":[\"postpartita\",\"prepartita\",\"Serie A\"],\"inLanguage\":\"en-US\",\"potentialAction\":[{\"@type\":\"CommentAction\",\"name\":\"Comment\",\"target\":[\"https:\\\/\\\/dajeroma.org\\\/2026\\\/09\\\/02\\\/atalanta-il-potere-del-popolo-lecce-roma-0-4\\\/#respond\"]}]},{\"@type\":\"WebPage\",\"@id\":\"https:\\\/\\\/dajeroma.org\\\/2026\\\/09\\\/02\\\/atalanta-il-potere-del-popolo-lecce-roma-0-4\\\/\",\"url\":\"https:\\\/\\\/dajeroma.org\\\/2026\\\/09\\\/02\\\/atalanta-il-potere-del-popolo-lecce-roma-0-4\\\/\",\"name\":\"Atalanta. Il potere del popolo. Lecce-Roma 0-4. - Daje Roma\",\"isPartOf\":{\"@id\":\"https:\\\/\\\/dajeroma.org\\\/en\\\/#website\"},\"primaryImageOfPage\":{\"@id\":\"https:\\\/\\\/dajeroma.org\\\/2026\\\/09\\\/02\\\/atalanta-il-potere-del-popolo-lecce-roma-0-4\\\/#primaryimage\"},\"image\":{\"@id\":\"https:\\\/\\\/dajeroma.org\\\/2026\\\/09\\\/02\\\/atalanta-il-potere-del-popolo-lecce-roma-0-4\\\/#primaryimage\"},\"thumbnailUrl\":\"https:\\\/\\\/dajeroma.org\\\/wp-content\\\/uploads\\\/2026\\\/09\\\/Atalanta_2627_1_433.jpg\",\"datePublished\":\"2026-09-02T06:21:16+00:00\",\"dateModified\":\"2026-09-02T11:27:23+00:00\",\"breadcrumb\":{\"@id\":\"https:\\\/\\\/dajeroma.org\\\/2026\\\/09\\\/02\\\/atalanta-il-potere-del-popolo-lecce-roma-0-4\\\/#breadcrumb\"},\"inLanguage\":\"en-US\",\"potentialAction\":[{\"@type\":\"ReadAction\",\"target\":[\"https:\\\/\\\/dajeroma.org\\\/2026\\\/09\\\/02\\\/atalanta-il-potere-del-popolo-lecce-roma-0-4\\\/\"]}]},{\"@type\":\"ImageObject\",\"inLanguage\":\"en-US\",\"@id\":\"https:\\\/\\\/dajeroma.org\\\/2026\\\/09\\\/02\\\/atalanta-il-potere-del-popolo-lecce-roma-0-4\\\/#primaryimage\",\"url\":\"https:\\\/\\\/dajeroma.org\\\/wp-content\\\/uploads\\\/2026\\\/09\\\/Atalanta_2627_1_433.jpg\",\"contentUrl\":\"https:\\\/\\\/dajeroma.org\\\/wp-content\\\/uploads\\\/2026\\\/09\\\/Atalanta_2627_1_433.jpg\",\"width\":478,\"height\":298},{\"@type\":\"BreadcrumbList\",\"@id\":\"https:\\\/\\\/dajeroma.org\\\/2026\\\/09\\\/02\\\/atalanta-il-potere-del-popolo-lecce-roma-0-4\\\/#breadcrumb\",\"itemListElement\":[{\"@type\":\"ListItem\",\"position\":1,\"name\":\"Home\",\"item\":\"https:\\\/\\\/dajeroma.org\\\/en\\\/\"},{\"@type\":\"ListItem\",\"position\":2,\"name\":\"Atalanta. Il potere del popolo. Lecce-Roma 0-4.\"}]},{\"@type\":\"WebSite\",\"@id\":\"https:\\\/\\\/dajeroma.org\\\/en\\\/#website\",\"url\":\"https:\\\/\\\/dajeroma.org\\\/en\\\/\",\"name\":\"DajeRoma\",\"description\":\"Se non la sostieni, non chiamarti Romanista!\",\"publisher\":{\"@id\":\"https:\\\/\\\/dajeroma.org\\\/en\\\/#organization\"},\"potentialAction\":[{\"@type\":\"SearchAction\",\"target\":{\"@type\":\"EntryPoint\",\"urlTemplate\":\"https:\\\/\\\/dajeroma.org\\\/en\\\/?s={search_term_string}\"},\"query-input\":{\"@type\":\"PropertyValueSpecification\",\"valueRequired\":true,\"valueName\":\"search_term_string\"}}],\"inLanguage\":\"en-US\"},{\"@type\":\"Organization\",\"@id\":\"https:\\\/\\\/dajeroma.org\\\/en\\\/#organization\",\"name\":\"Daje Roma\",\"url\":\"https:\\\/\\\/dajeroma.org\\\/en\\\/\",\"logo\":{\"@type\":\"ImageObject\",\"inLanguage\":\"en-US\",\"@id\":\"https:\\\/\\\/dajeroma.org\\\/en\\\/#\\\/schema\\\/logo\\\/image\\\/\",\"url\":\"https:\\\/\\\/dajeroma.org\\\/wp-content\\\/uploads\\\/2017\\\/03\\\/dajeromadaje.jpg\",\"contentUrl\":\"https:\\\/\\\/dajeroma.org\\\/wp-content\\\/uploads\\\/2017\\\/03\\\/dajeromadaje.jpg\",\"width\":1104,\"height\":403,\"caption\":\"Daje Roma\"},\"image\":{\"@id\":\"https:\\\/\\\/dajeroma.org\\\/en\\\/#\\\/schema\\\/logo\\\/image\\\/\"},\"sameAs\":[\"https:\\\/\\\/www.facebook.com\\\/SangueOroAsRoma\",\"https:\\\/\\\/x.com\\\/GiordanoSepi\",\"https:\\\/\\\/www.youtube.com\\\/channel\\\/UC7OuuISCAY3i0wC9HrI0iUA?view_as=subscriber\"]},{\"@type\":\"Person\",\"@id\":\"https:\\\/\\\/dajeroma.org\\\/en\\\/#\\\/schema\\\/person\\\/6e5e277ed3629273f1b2f76255b5a503\",\"name\":\"loco\",\"image\":{\"@type\":\"ImageObject\",\"inLanguage\":\"en-US\",\"@id\":\"https:\\\/\\\/secure.gravatar.com\\\/avatar\\\/72396e0bc5149cb51c227a802fbf4dd424600ffe126a0ae3293206a7ad5ddadc?s=96&d=mm&r=g\",\"url\":\"https:\\\/\\\/secure.gravatar.com\\\/avatar\\\/72396e0bc5149cb51c227a802fbf4dd424600ffe126a0ae3293206a7ad5ddadc?s=96&d=mm&r=g\",\"contentUrl\":\"https:\\\/\\\/secure.gravatar.com\\\/avatar\\\/72396e0bc5149cb51c227a802fbf4dd424600ffe126a0ae3293206a7ad5ddadc?s=96&d=mm&r=g\",\"caption\":\"loco\"},\"url\":\"https:\\\/\\\/dajeroma.org\\\/en\\\/author\\\/loco\\\/\"}]}<\/script>\n<!-- \/ Yoast SEO plugin. -->","yoast_head_json":{"title":"Atalanta. Il potere del popolo. Lecce-Roma 0-4. - Daje Roma","robots":{"index":"index","follow":"follow","max-snippet":"max-snippet:-1","max-image-preview":"max-image-preview:large","max-video-preview":"max-video-preview:-1"},"canonical":"https:\/\/dajeroma.org\/en\/2026\/09\/02\/atalanta-il-potere-del-popolo-lecce-roma-0-4\/","og_locale":"en_US","og_type":"article","og_title":"Atalanta. Il potere del popolo. Lecce-Roma 0-4. - Daje Roma","og_description":"La Roma \u00e8 partita bene. Doppio 4-0 nelle prime due giornate. Non scontata la vittoria in un campo ostico (tanto vento) e malmesso (pieno di sabbia) come quello di Via del Mare. Ma adesso dobbiamo gi\u00e0 pensare alla sfida dell&#8217;Olimpico contro l&#8217;Atalanta. E&#8217; tutto fieno in cascina per il futuro. Ma dobbiamo pensare partita dopo [&hellip;]","og_url":"https:\/\/dajeroma.org\/en\/2026\/09\/02\/atalanta-il-potere-del-popolo-lecce-roma-0-4\/","og_site_name":"Daje Roma","article_publisher":"https:\/\/www.facebook.com\/SangueOroAsRoma","article_published_time":"2026-09-02T06:21:16+00:00","article_modified_time":"2026-09-02T11:27:23+00:00","og_image":[{"width":478,"height":298,"url":"https:\/\/dajeroma.org\/wp-content\/uploads\/2026\/09\/Atalanta_2627_1_433.jpg","type":"image\/jpeg"}],"author":"loco","twitter_card":"summary_large_image","twitter_creator":"@GiordanoSepi","twitter_site":"@GiordanoSepi","twitter_misc":{"Written by":"loco","Est. reading time":"6 minutes"},"schema":{"@context":"https:\/\/schema.org","@graph":[{"@type":"Article","@id":"https:\/\/dajeroma.org\/2026\/09\/02\/atalanta-il-potere-del-popolo-lecce-roma-0-4\/#article","isPartOf":{"@id":"https:\/\/dajeroma.org\/2026\/09\/02\/atalanta-il-potere-del-popolo-lecce-roma-0-4\/"},"author":{"name":"loco","@id":"https:\/\/dajeroma.org\/en\/#\/schema\/person\/6e5e277ed3629273f1b2f76255b5a503"},"headline":"Atalanta. Il potere del popolo. Lecce-Roma 0-4.","datePublished":"2026-09-02T06:21:16+00:00","dateModified":"2026-09-02T11:27:23+00:00","mainEntityOfPage":{"@id":"https:\/\/dajeroma.org\/2026\/09\/02\/atalanta-il-potere-del-popolo-lecce-roma-0-4\/"},"wordCount":814,"commentCount":0,"publisher":{"@id":"https:\/\/dajeroma.org\/en\/#organization"},"image":{"@id":"https:\/\/dajeroma.org\/2026\/09\/02\/atalanta-il-potere-del-popolo-lecce-roma-0-4\/#primaryimage"},"thumbnailUrl":"https:\/\/dajeroma.org\/wp-content\/uploads\/2026\/09\/Atalanta_2627_1_433.jpg","articleSection":["postpartita","prepartita","Serie A"],"inLanguage":"en-US","potentialAction":[{"@type":"CommentAction","name":"Comment","target":["https:\/\/dajeroma.org\/2026\/09\/02\/atalanta-il-potere-del-popolo-lecce-roma-0-4\/#respond"]}]},{"@type":"WebPage","@id":"https:\/\/dajeroma.org\/2026\/09\/02\/atalanta-il-potere-del-popolo-lecce-roma-0-4\/","url":"https:\/\/dajeroma.org\/2026\/09\/02\/atalanta-il-potere-del-popolo-lecce-roma-0-4\/","name":"Atalanta. Il potere del popolo. Lecce-Roma 0-4. - Daje Roma","isPartOf":{"@id":"https:\/\/dajeroma.org\/en\/#website"},"primaryImageOfPage":{"@id":"https:\/\/dajeroma.org\/2026\/09\/02\/atalanta-il-potere-del-popolo-lecce-roma-0-4\/#primaryimage"},"image":{"@id":"https:\/\/dajeroma.org\/2026\/09\/02\/atalanta-il-potere-del-popolo-lecce-roma-0-4\/#primaryimage"},"thumbnailUrl":"https:\/\/dajeroma.org\/wp-content\/uploads\/2026\/09\/Atalanta_2627_1_433.jpg","datePublished":"2026-09-02T06:21:16+00:00","dateModified":"2026-09-02T11:27:23+00:00","breadcrumb":{"@id":"https:\/\/dajeroma.org\/2026\/09\/02\/atalanta-il-potere-del-popolo-lecce-roma-0-4\/#breadcrumb"},"inLanguage":"en-US","potentialAction":[{"@type":"ReadAction","target":["https:\/\/dajeroma.org\/2026\/09\/02\/atalanta-il-potere-del-popolo-lecce-roma-0-4\/"]}]},{"@type":"ImageObject","inLanguage":"en-US","@id":"https:\/\/dajeroma.org\/2026\/09\/02\/atalanta-il-potere-del-popolo-lecce-roma-0-4\/#primaryimage","url":"https:\/\/dajeroma.org\/wp-content\/uploads\/2026\/09\/Atalanta_2627_1_433.jpg","contentUrl":"https:\/\/dajeroma.org\/wp-content\/uploads\/2026\/09\/Atalanta_2627_1_433.jpg","width":478,"height":298},{"@type":"BreadcrumbList","@id":"https:\/\/dajeroma.org\/2026\/09\/02\/atalanta-il-potere-del-popolo-lecce-roma-0-4\/#breadcrumb","itemListElement":[{"@type":"ListItem","position":1,"name":"Home","item":"https:\/\/dajeroma.org\/en\/"},{"@type":"ListItem","position":2,"name":"Atalanta. Il potere del popolo. Lecce-Roma 0-4."}]},{"@type":"WebSite","@id":"https:\/\/dajeroma.org\/en\/#website","url":"https:\/\/dajeroma.org\/en\/","name":"DajeRoma","description":"Se non la sostieni, non chiamarti Romanista!","publisher":{"@id":"https:\/\/dajeroma.org\/en\/#organization"},"potentialAction":[{"@type":"SearchAction","target":{"@type":"EntryPoint","urlTemplate":"https:\/\/dajeroma.org\/en\/?s={search_term_string}"},"query-input":{"@type":"PropertyValueSpecification","valueRequired":true,"valueName":"search_term_string"}}],"inLanguage":"en-US"},{"@type":"Organization","@id":"https:\/\/dajeroma.org\/en\/#organization","name":"Daje Roma","url":"https:\/\/dajeroma.org\/en\/","logo":{"@type":"ImageObject","inLanguage":"en-US","@id":"https:\/\/dajeroma.org\/en\/#\/schema\/logo\/image\/","url":"https:\/\/dajeroma.org\/wp-content\/uploads\/2017\/03\/dajeromadaje.jpg","contentUrl":"https:\/\/dajeroma.org\/wp-content\/uploads\/2017\/03\/dajeromadaje.jpg","width":1104,"height":403,"caption":"Daje Roma"},"image":{"@id":"https:\/\/dajeroma.org\/en\/#\/schema\/logo\/image\/"},"sameAs":["https:\/\/www.facebook.com\/SangueOroAsRoma","https:\/\/x.com\/GiordanoSepi","https:\/\/www.youtube.com\/channel\/UC7OuuISCAY3i0wC9HrI0iUA?view_as=subscriber"]},{"@type":"Person","@id":"https:\/\/dajeroma.org\/en\/#\/schema\/person\/6e5e277ed3629273f1b2f76255b5a503","name":"loco","image":{"@type":"ImageObject","inLanguage":"en-US","@id":"https:\/\/secure.gravatar.com\/avatar\/72396e0bc5149cb51c227a802fbf4dd424600ffe126a0ae3293206a7ad5ddadc?s=96&d=mm&r=g","url":"https:\/\/secure.gravatar.com\/avatar\/72396e0bc5149cb51c227a802fbf4dd424600ffe126a0ae3293206a7ad5ddadc?s=96&d=mm&r=g","contentUrl":"https:\/\/secure.gravatar.com\/avatar\/72396e0bc5149cb51c227a802fbf4dd424600ffe126a0ae3293206a7ad5ddadc?s=96&d=mm&r=g","caption":"loco"},"url":"https:\/\/dajeroma.org\/en\/author\/loco\/"}]}},"_links":{"self":[{"href":"https:\/\/dajeroma.org\/en\/wp-json\/wp\/v2\/posts\/8906","targetHints":{"allow":["GET"]}}],"collection":[{"href":"https:\/\/dajeroma.org\/en\/wp-json\/wp\/v2\/posts"}],"about":[{"href":"https:\/\/dajeroma.org\/en\/wp-json\/wp\/v2\/types\/post"}],"author":[{"embeddable":true,"href":"https:\/\/dajeroma.org\/en\/wp-json\/wp\/v2\/users\/1"}],"replies":[{"embeddable":true,"href":"https:\/\/dajeroma.org\/en\/wp-json\/wp\/v2\/comments?post=8906"}],"version-history":[{"count":18,"href":"https:\/\/dajeroma.org\/en\/wp-json\/wp\/v2\/posts\/8906\/revisions"}],"predecessor-version":[{"id":8947,"href":"https:\/\/dajeroma.org\/en\/wp-json\/wp\/v2\/posts\/8906\/revisions\/8947"}],"wp:featuredmedia":[{"embeddable":true,"href":"https:\/\/dajeroma.org\/en\/wp-json\/wp\/v2\/media\/8938"}],"wp:attachment":[{"href":"https:\/\/dajeroma.org\/en\/wp-json\/wp\/v2\/media?parent=8906"}],"wp:term":[{"taxonomy":"category","embeddable":true,"href":"https:\/\/dajeroma.org\/en\/wp-json\/wp\/v2\/categories?post=8906"},{"taxonomy":"post_tag","embeddable":true,"href":"https:\/\/dajeroma.org\/en\/wp-json\/wp\/v2\/tags?post=8906"}],"curies":[{"name":"wp","href":"https:\/\/api.w.org\/{rel}","templated":true}]}}