{"id":8924,"date":"2026-09-06T10:07:33","date_gmt":"2026-09-06T08:07:33","guid":{"rendered":"https:\/\/dajeroma.org\/?p=8924"},"modified":"2026-09-06T10:37:31","modified_gmt":"2026-09-06T08:37:31","slug":"quella-resilienza-che-e-magica-roma-atalanta-2-1-fener","status":"publish","type":"post","link":"https:\/\/dajeroma.org\/en\/2026\/09\/06\/quella-resilienza-che-e-magica-roma-atalanta-2-1-fener\/","title":{"rendered":"That magical resilience. Roma 2-1 Atalanta. Fener."},"content":{"rendered":"\n<p class=\"wp-block-paragraph\">Sono i principi di Roma Antica e la personalit\u00e0 della Roma che ci guidano nelle grandi battaglie politiche. E l&#8217;insegnamento di ieri sera della Roma \u00e8 che non bisogna mai arrendersi. Che bisogna lottare fino alla fine per ci\u00f2 che \u00e8 giusto (come la vittoria della Roma di ieri era giusta), anche se sembra che ogni sforzo sia vano, anche  se gli ostacoli, come Carnesecchi sabato, sembrano insormontabili.<\/p>\n\n\n\n<p class=\"wp-block-paragraph\">Anche nella vita personale di ognuno di noi come nella vita pubblica per la diffusione della libert\u00e0, della democrazia e della pace, abbiamo davanti monoliti insormontabili. Eppure uno spiraglio c&#8217;\u00e8. C&#8217;\u00e8 un colpo di testa di Hermoso e un Soul\u00e9 anche per la pace nel mondo, se \u00e8 vero, come \u00e8 vero, che gli USA sono riusciti a ottenere 3 giorni di tregua da Putin.<\/p>\n\n\n\n<p class=\"wp-block-paragraph\">Insomma nessun ostacolo \u00e8 troppo alto per non essere scavalcato. E ieri il boss finale, come nei videogiochi, era Carnesecchi, il portiere dell&#8217;Atalanta. Un film che noi Romanisti conosciamo bene. 18 tiri nel primo tempo, Zero goal. E poi all&#8217;alba del secondo tempo arriva la &#8220;stura&#8221; di Ederson. L&#8217;unica osservazione che voglio fare \u00e8 che se Malen ha 3 uomini su di lui ,deve cercare l&#8217;assist.<\/p>\n\n\n\n<figure class=\"wp-block-table\"><table class=\"has-fixed-layout\"><tbody><tr><td>3a Serie A<\/td><td>Primo Tempo<\/td><td>Secondo Tempo<\/td><td>Risultato Finale<\/td><td>Marcatori<\/td><\/tr><tr><td><img decoding=\"async\" src=\"https:\/\/dajeroma.org\/wp-content\/uploads\/2024\/08\/Lupetto_Twitter.jpg\"><\/td><td><center><font size=\"20\">0<\/font><\/center><\/td><td><center><font size=\"20\">2<\/font><\/center><\/td><td><center><font size=\"20\">2<\/font><\/center><\/td><td>89&#8242; Hermoso, 90+3&#8242; Soul\u00e9<\/td><\/tr><tr><td><img decoding=\"async\" src=\"https:\/\/dajeroma.org\/wp-content\/uploads\/2026\/09\/Atalanta_Google.png\"><\/td><td><center><font size=\"20\">0<\/font><\/center><\/td><td><center><font size=\"20\">1<\/font><\/center><\/td><td><center><font size=\"20\">1<\/font><\/center><\/td><td>47&#8242; Ederson<\/td><\/tr><\/tbody><\/table><\/figure>\n\n\n\n<p class=\"wp-block-paragraph\">E tutto sembra una storia gi\u00e0 vista. La Roma che attacca, attacca e s&#8217;attacca il cazzo. Gli avversari che tirano una sola volta in porta e portano a casa i 3 punti. Ma ieri la storia era diversa. Non era la storia di un&#8217;ingiustizia. Stavolta Dreyfus \u00e8 stato riabilitato. Stavolta la Roma ha vinto perch\u00e9 ha meritato di vincere.<\/p>\n\n\n\n<figure class=\"wp-block-image size-full is-resized\"><img loading=\"lazy\" decoding=\"async\" width=\"720\" height=\"960\" src=\"https:\/\/dajeroma.org\/wp-content\/uploads\/2026\/09\/Regalateciunanotteromanista.jpg\" alt=\"\" class=\"wp-image-8953\" style=\"width:448px;height:auto\" srcset=\"https:\/\/dajeroma.org\/wp-content\/uploads\/2026\/09\/Regalateciunanotteromanista.jpg 720w, https:\/\/dajeroma.org\/wp-content\/uploads\/2026\/09\/Regalateciunanotteromanista-225x300.jpg 225w, https:\/\/dajeroma.org\/wp-content\/uploads\/2026\/09\/Regalateciunanotteromanista-9x12.jpg 9w\" sizes=\"auto, (max-width: 720px) 100vw, 720px\" \/><\/figure>\n\n\n\n<p class=\"wp-block-paragraph\">E il merito di questa vittoria \u00e8 la resilienza, la tigna, l&#8217;insistenza nel cercare quell&#8217;obiettivo che sembrava sempre un metro troppo in l\u00e0. E alla fine ce l&#8217;abbiamo fatta. Sono arrivati i gol di Hermoso e Soul\u00e8. E quella resilienza ha portato al risultato in modo quasi magico. La pazza gioia di essere Romanisti. Quello che solo questo club sa regalare ai suoi tifosi e agli appassionati di calcio di tutto il mondo. <\/p>\n\n\n\n<p class=\"wp-block-paragraph\">Adesso per\u00f2 dovremo prendere un aereo per Istanbul, dove l&#8217;Italia multirazziale  e multiculturale del volley femminile affronta in finale per l&#8217;Europeo la fortissima e presunta imbattibile Turchia. Noi affronteremo gioved\u00ec i gialloblu del Fenerbahce, una delle 3 grandi squadre di Istanbul. Forte anche nel basket e dove giocava il nostro grande beniamino, Gigi Datome, che col Fener ha conquistato un Eurolega.<\/p>\n\n\n\n<p class=\"wp-block-paragraph\">Ismail Kartal schiera il 4231 con atteggiamento verticale: recupero palla e subito attacco&#8230;<\/p>\n\n\n\n<figure class=\"wp-block-image size-large\"><img loading=\"lazy\" decoding=\"async\" width=\"1024\" height=\"576\" src=\"https:\/\/dajeroma.org\/wp-content\/uploads\/2026\/08\/Fener_2627_1_442-1024x576.jpg\" alt=\"\" class=\"wp-image-8926\" srcset=\"https:\/\/dajeroma.org\/wp-content\/uploads\/2026\/08\/Fener_2627_1_442-1024x576.jpg 1024w, https:\/\/dajeroma.org\/wp-content\/uploads\/2026\/08\/Fener_2627_1_442-300x169.jpg 300w, https:\/\/dajeroma.org\/wp-content\/uploads\/2026\/08\/Fener_2627_1_442-768x432.jpg 768w, https:\/\/dajeroma.org\/wp-content\/uploads\/2026\/08\/Fener_2627_1_442-1536x864.jpg 1536w, https:\/\/dajeroma.org\/wp-content\/uploads\/2026\/08\/Fener_2627_1_442-18x10.jpg 18w, https:\/\/dajeroma.org\/wp-content\/uploads\/2026\/08\/Fener_2627_1_442.jpg 1920w\" sizes=\"auto, (max-width: 1024px) 100vw, 1024px\" \/><figcaption class=\"wp-element-caption\">\u2026 Che poi in fase difensiva diventa 442 come vediamo nel ritorno contro il Lione.<\/figcaption><\/figure>\n\n\n\n<figure class=\"wp-block-image size-full\"><img loading=\"lazy\" decoding=\"async\" width=\"478\" height=\"298\" src=\"https:\/\/dajeroma.org\/wp-content\/uploads\/2026\/09\/Fener_2627_1_4231.jpg\" alt=\"\" class=\"wp-image-8956\" srcset=\"https:\/\/dajeroma.org\/wp-content\/uploads\/2026\/09\/Fener_2627_1_4231.jpg 478w, https:\/\/dajeroma.org\/wp-content\/uploads\/2026\/09\/Fener_2627_1_4231-300x187.jpg 300w, https:\/\/dajeroma.org\/wp-content\/uploads\/2026\/09\/Fener_2627_1_4231-18x11.jpg 18w\" sizes=\"auto, (max-width: 478px) 100vw, 478px\" \/><figcaption class=\"wp-element-caption\">Hanno un grande recuperatore palla a centrocampo come Kant\u00e8. Nella costruzione, il Fener \u00e8 un po\u2019 carente e costruiscono spesso con il portiere, che dovrebbe essere l&#8217;ex del Man City, Ederson.<\/figcaption><\/figure>\n\n\n\n<p class=\"wp-block-paragraph\">I due difensori centrali si bilanciano nelle caratteristiche. Skriniar \u00e8 bravo come ultima diga. Ak\u00e9 \u00e8 bravo nella costruzione anche con il lancio.<\/p>\n\n\n\n<p class=\"wp-block-paragraph\">I terzini, a destra Semedo e a sinistra Brown, sono molto propositivi in fase offensiva.  <\/p>\n\n\n\n<figure class=\"wp-block-image size-full\"><img loading=\"lazy\" decoding=\"async\" width=\"478\" height=\"298\" src=\"https:\/\/dajeroma.org\/wp-content\/uploads\/2026\/08\/Fener_2627_1_MovimentoGreenwood.jpg\" alt=\"\" class=\"wp-image-8931\" srcset=\"https:\/\/dajeroma.org\/wp-content\/uploads\/2026\/08\/Fener_2627_1_MovimentoGreenwood.jpg 478w, https:\/\/dajeroma.org\/wp-content\/uploads\/2026\/08\/Fener_2627_1_MovimentoGreenwood-300x187.jpg 300w, https:\/\/dajeroma.org\/wp-content\/uploads\/2026\/08\/Fener_2627_1_MovimentoGreenwood-18x11.jpg 18w\" sizes=\"auto, (max-width: 478px) 100vw, 478px\" \/><figcaption class=\"wp-element-caption\">In particolare Semedo ha una buona intesa con Greenwood [nel fraseggio (a) ma anche con Greenwood che si accentra per lasciare spazio a Semedo sulla fascia (b)],<\/figcaption><\/figure>\n\n\n\n<p class=\"wp-block-paragraph\">ma possono attaccare anche sulla loro sinistra con Aydin (o Akturkoglu).<\/p>\n\n\n\n<p class=\"wp-block-paragraph\">Muriqi \u00e8 mancino. E&#8217; pericoloso con i colpi di testa. Al suo posto, potrebbe giocare la nostra vecchia conoscenza, Romelu Lukaku, anche lui mancino, pi\u00f9 bravo di Muriqi nel gioco spalle alla porta.<\/p>\n\n\n\n<p class=\"wp-block-paragraph\">Difendono a uomo sui calci d&#8217;angolo.<\/p>\n\n\n\n<p class=\"wp-block-paragraph\">Non c&#8217;\u00e8 tempo per festeggiare. Le sconfitte insegnano. Ma anche le vittorie. La vittoria sull&#8217;Atalanta ci ha insegnato che con tenacia e concentrazione possiamo sconfiggere qualsiasi boss. E quindi dobbiamo continuare a combattere. Come dobbiamo continuare a combattere per i diritti umani di qualsiasi essere vivente.<\/p>\n\n\n\n<p class=\"wp-block-paragraph\">Daje Roma!<\/p>\n\n\n\n<p class=\"wp-block-paragraph\">Giordano Sepi<\/p>\n\n\n\n<p class=\"wp-block-paragraph\"><\/p>\n","protected":false},"excerpt":{"rendered":"<p>Sono i principi di Roma Antica e la personalit\u00e0 della Roma che ci guidano nelle grandi battaglie politiche. E l&#8217;insegnamento di ieri sera della Roma \u00e8 che non bisogna mai arrendersi. Che bisogna lottare fino alla fine per ci\u00f2 che \u00e8 giusto (come la vittoria della Roma di ieri era giusta), anche se sembra che [&hellip;]<\/p>\n","protected":false},"author":1,"featured_media":8953,"comment_status":"open","ping_status":"open","sticky":false,"template":"","format":"standard","meta":{"footnotes":""},"categories":[125,10,4,199],"tags":[],"class_list":["post-8924","post","type-post","status-publish","format-standard","has-post-thumbnail","hentry","category-champions","category-postpartita","category-prepartita","category-serie-a"],"blocksy_meta":{"styles_descriptor":{"styles":{"desktop":"","tablet":"","mobile":""},"google_fonts":[],"version":8}},"yoast_head":"<!-- This site is optimized with the Yoast SEO plugin v28.4 - https:\/\/yoast.com\/product\/yoast-seo-wordpress\/ -->\n<title>Quella resilienza che \u00e8 magica. Roma-Atalanta 2-1. Fener. - Daje Roma<\/title>\n<meta name=\"robots\" content=\"index, follow, max-snippet:-1, max-image-preview:large, max-video-preview:-1\" \/>\n<link rel=\"canonical\" href=\"https:\/\/dajeroma.org\/en\/2026\/09\/06\/quella-resilienza-che-e-magica-roma-atalanta-2-1-fener\/\" \/>\n<meta property=\"og:locale\" content=\"en_US\" \/>\n<meta property=\"og:type\" content=\"article\" \/>\n<meta property=\"og:title\" content=\"Quella resilienza che \u00e8 magica. Roma-Atalanta 2-1. Fener. - Daje Roma\" \/>\n<meta property=\"og:description\" content=\"Sono i principi di Roma Antica e la personalit\u00e0 della Roma che ci guidano nelle grandi battaglie politiche. E l&#8217;insegnamento di ieri sera della Roma \u00e8 che non bisogna mai arrendersi. Che bisogna lottare fino alla fine per ci\u00f2 che \u00e8 giusto (come la vittoria della Roma di ieri era giusta), anche se sembra che [&hellip;]\" \/>\n<meta property=\"og:url\" content=\"https:\/\/dajeroma.org\/en\/2026\/09\/06\/quella-resilienza-che-e-magica-roma-atalanta-2-1-fener\/\" \/>\n<meta property=\"og:site_name\" content=\"Daje Roma\" \/>\n<meta property=\"article:publisher\" content=\"https:\/\/www.facebook.com\/SangueOroAsRoma\" \/>\n<meta property=\"article:published_time\" content=\"2026-09-06T08:07:33+00:00\" \/>\n<meta property=\"article:modified_time\" content=\"2026-09-06T08:37:31+00:00\" \/>\n<meta property=\"og:image\" content=\"https:\/\/dajeroma.org\/wp-content\/uploads\/2026\/09\/Regalateciunanotteromanista.jpg\" \/>\n\t<meta property=\"og:image:width\" content=\"720\" \/>\n\t<meta property=\"og:image:height\" content=\"960\" \/>\n\t<meta property=\"og:image:type\" content=\"image\/jpeg\" \/>\n<meta name=\"author\" content=\"loco\" \/>\n<meta name=\"twitter:card\" content=\"summary_large_image\" \/>\n<meta name=\"twitter:creator\" content=\"@GiordanoSepi\" \/>\n<meta name=\"twitter:site\" content=\"@GiordanoSepi\" \/>\n<meta name=\"twitter:label1\" content=\"Written by\" \/>\n\t<meta name=\"twitter:data1\" content=\"loco\" \/>\n\t<meta name=\"twitter:label2\" content=\"Est. reading time\" \/>\n\t<meta name=\"twitter:data2\" content=\"5 minutes\" \/>\n<script type=\"application\/ld+json\" class=\"yoast-schema-graph\">{\"@context\":\"https:\\\/\\\/schema.org\",\"@graph\":[{\"@type\":\"Article\",\"@id\":\"https:\\\/\\\/dajeroma.org\\\/2026\\\/09\\\/06\\\/quella-resilienza-che-e-magica-roma-atalanta-2-1-fener\\\/#article\",\"isPartOf\":{\"@id\":\"https:\\\/\\\/dajeroma.org\\\/2026\\\/09\\\/06\\\/quella-resilienza-che-e-magica-roma-atalanta-2-1-fener\\\/\"},\"author\":{\"name\":\"loco\",\"@id\":\"https:\\\/\\\/dajeroma.org\\\/en\\\/#\\\/schema\\\/person\\\/6e5e277ed3629273f1b2f76255b5a503\"},\"headline\":\"Quella resilienza che \u00e8 magica. Roma-Atalanta 2-1. Fener.\",\"datePublished\":\"2026-09-06T08:07:33+00:00\",\"dateModified\":\"2026-09-06T08:37:31+00:00\",\"mainEntityOfPage\":{\"@id\":\"https:\\\/\\\/dajeroma.org\\\/2026\\\/09\\\/06\\\/quella-resilienza-che-e-magica-roma-atalanta-2-1-fener\\\/\"},\"wordCount\":631,\"commentCount\":0,\"publisher\":{\"@id\":\"https:\\\/\\\/dajeroma.org\\\/en\\\/#organization\"},\"image\":{\"@id\":\"https:\\\/\\\/dajeroma.org\\\/2026\\\/09\\\/06\\\/quella-resilienza-che-e-magica-roma-atalanta-2-1-fener\\\/#primaryimage\"},\"thumbnailUrl\":\"https:\\\/\\\/dajeroma.org\\\/wp-content\\\/uploads\\\/2026\\\/09\\\/Regalateciunanotteromanista.jpg\",\"articleSection\":[\"Champions\",\"postpartita\",\"prepartita\",\"Serie A\"],\"inLanguage\":\"en-US\",\"potentialAction\":[{\"@type\":\"CommentAction\",\"name\":\"Comment\",\"target\":[\"https:\\\/\\\/dajeroma.org\\\/2026\\\/09\\\/06\\\/quella-resilienza-che-e-magica-roma-atalanta-2-1-fener\\\/#respond\"]}]},{\"@type\":\"WebPage\",\"@id\":\"https:\\\/\\\/dajeroma.org\\\/2026\\\/09\\\/06\\\/quella-resilienza-che-e-magica-roma-atalanta-2-1-fener\\\/\",\"url\":\"https:\\\/\\\/dajeroma.org\\\/2026\\\/09\\\/06\\\/quella-resilienza-che-e-magica-roma-atalanta-2-1-fener\\\/\",\"name\":\"Quella resilienza che \u00e8 magica. Roma-Atalanta 2-1. Fener. - Daje Roma\",\"isPartOf\":{\"@id\":\"https:\\\/\\\/dajeroma.org\\\/en\\\/#website\"},\"primaryImageOfPage\":{\"@id\":\"https:\\\/\\\/dajeroma.org\\\/2026\\\/09\\\/06\\\/quella-resilienza-che-e-magica-roma-atalanta-2-1-fener\\\/#primaryimage\"},\"image\":{\"@id\":\"https:\\\/\\\/dajeroma.org\\\/2026\\\/09\\\/06\\\/quella-resilienza-che-e-magica-roma-atalanta-2-1-fener\\\/#primaryimage\"},\"thumbnailUrl\":\"https:\\\/\\\/dajeroma.org\\\/wp-content\\\/uploads\\\/2026\\\/09\\\/Regalateciunanotteromanista.jpg\",\"datePublished\":\"2026-09-06T08:07:33+00:00\",\"dateModified\":\"2026-09-06T08:37:31+00:00\",\"breadcrumb\":{\"@id\":\"https:\\\/\\\/dajeroma.org\\\/2026\\\/09\\\/06\\\/quella-resilienza-che-e-magica-roma-atalanta-2-1-fener\\\/#breadcrumb\"},\"inLanguage\":\"en-US\",\"potentialAction\":[{\"@type\":\"ReadAction\",\"target\":[\"https:\\\/\\\/dajeroma.org\\\/2026\\\/09\\\/06\\\/quella-resilienza-che-e-magica-roma-atalanta-2-1-fener\\\/\"]}]},{\"@type\":\"ImageObject\",\"inLanguage\":\"en-US\",\"@id\":\"https:\\\/\\\/dajeroma.org\\\/2026\\\/09\\\/06\\\/quella-resilienza-che-e-magica-roma-atalanta-2-1-fener\\\/#primaryimage\",\"url\":\"https:\\\/\\\/dajeroma.org\\\/wp-content\\\/uploads\\\/2026\\\/09\\\/Regalateciunanotteromanista.jpg\",\"contentUrl\":\"https:\\\/\\\/dajeroma.org\\\/wp-content\\\/uploads\\\/2026\\\/09\\\/Regalateciunanotteromanista.jpg\",\"width\":720,\"height\":960},{\"@type\":\"BreadcrumbList\",\"@id\":\"https:\\\/\\\/dajeroma.org\\\/2026\\\/09\\\/06\\\/quella-resilienza-che-e-magica-roma-atalanta-2-1-fener\\\/#breadcrumb\",\"itemListElement\":[{\"@type\":\"ListItem\",\"position\":1,\"name\":\"Home\",\"item\":\"https:\\\/\\\/dajeroma.org\\\/en\\\/\"},{\"@type\":\"ListItem\",\"position\":2,\"name\":\"Quella resilienza che \u00e8 magica. Roma-Atalanta 2-1. Fener.\"}]},{\"@type\":\"WebSite\",\"@id\":\"https:\\\/\\\/dajeroma.org\\\/en\\\/#website\",\"url\":\"https:\\\/\\\/dajeroma.org\\\/en\\\/\",\"name\":\"DajeRoma\",\"description\":\"Se non la sostieni, non chiamarti Romanista!\",\"publisher\":{\"@id\":\"https:\\\/\\\/dajeroma.org\\\/en\\\/#organization\"},\"potentialAction\":[{\"@type\":\"SearchAction\",\"target\":{\"@type\":\"EntryPoint\",\"urlTemplate\":\"https:\\\/\\\/dajeroma.org\\\/en\\\/?s={search_term_string}\"},\"query-input\":{\"@type\":\"PropertyValueSpecification\",\"valueRequired\":true,\"valueName\":\"search_term_string\"}}],\"inLanguage\":\"en-US\"},{\"@type\":\"Organization\",\"@id\":\"https:\\\/\\\/dajeroma.org\\\/en\\\/#organization\",\"name\":\"Daje Roma\",\"url\":\"https:\\\/\\\/dajeroma.org\\\/en\\\/\",\"logo\":{\"@type\":\"ImageObject\",\"inLanguage\":\"en-US\",\"@id\":\"https:\\\/\\\/dajeroma.org\\\/en\\\/#\\\/schema\\\/logo\\\/image\\\/\",\"url\":\"https:\\\/\\\/dajeroma.org\\\/wp-content\\\/uploads\\\/2017\\\/03\\\/dajeromadaje.jpg\",\"contentUrl\":\"https:\\\/\\\/dajeroma.org\\\/wp-content\\\/uploads\\\/2017\\\/03\\\/dajeromadaje.jpg\",\"width\":1104,\"height\":403,\"caption\":\"Daje Roma\"},\"image\":{\"@id\":\"https:\\\/\\\/dajeroma.org\\\/en\\\/#\\\/schema\\\/logo\\\/image\\\/\"},\"sameAs\":[\"https:\\\/\\\/www.facebook.com\\\/SangueOroAsRoma\",\"https:\\\/\\\/x.com\\\/GiordanoSepi\",\"https:\\\/\\\/www.youtube.com\\\/channel\\\/UC7OuuISCAY3i0wC9HrI0iUA?view_as=subscriber\"]},{\"@type\":\"Person\",\"@id\":\"https:\\\/\\\/dajeroma.org\\\/en\\\/#\\\/schema\\\/person\\\/6e5e277ed3629273f1b2f76255b5a503\",\"name\":\"loco\",\"image\":{\"@type\":\"ImageObject\",\"inLanguage\":\"en-US\",\"@id\":\"https:\\\/\\\/secure.gravatar.com\\\/avatar\\\/72396e0bc5149cb51c227a802fbf4dd424600ffe126a0ae3293206a7ad5ddadc?s=96&d=mm&r=g\",\"url\":\"https:\\\/\\\/secure.gravatar.com\\\/avatar\\\/72396e0bc5149cb51c227a802fbf4dd424600ffe126a0ae3293206a7ad5ddadc?s=96&d=mm&r=g\",\"contentUrl\":\"https:\\\/\\\/secure.gravatar.com\\\/avatar\\\/72396e0bc5149cb51c227a802fbf4dd424600ffe126a0ae3293206a7ad5ddadc?s=96&d=mm&r=g\",\"caption\":\"loco\"},\"url\":\"https:\\\/\\\/dajeroma.org\\\/en\\\/author\\\/loco\\\/\"}]}<\/script>\n<!-- \/ Yoast SEO plugin. -->","yoast_head_json":{"title":"Quella resilienza che \u00e8 magica. Roma-Atalanta 2-1. Fener. - Daje Roma","robots":{"index":"index","follow":"follow","max-snippet":"max-snippet:-1","max-image-preview":"max-image-preview:large","max-video-preview":"max-video-preview:-1"},"canonical":"https:\/\/dajeroma.org\/en\/2026\/09\/06\/quella-resilienza-che-e-magica-roma-atalanta-2-1-fener\/","og_locale":"en_US","og_type":"article","og_title":"Quella resilienza che \u00e8 magica. Roma-Atalanta 2-1. Fener. - Daje Roma","og_description":"Sono i principi di Roma Antica e la personalit\u00e0 della Roma che ci guidano nelle grandi battaglie politiche. E l&#8217;insegnamento di ieri sera della Roma \u00e8 che non bisogna mai arrendersi. Che bisogna lottare fino alla fine per ci\u00f2 che \u00e8 giusto (come la vittoria della Roma di ieri era giusta), anche se sembra che [&hellip;]","og_url":"https:\/\/dajeroma.org\/en\/2026\/09\/06\/quella-resilienza-che-e-magica-roma-atalanta-2-1-fener\/","og_site_name":"Daje Roma","article_publisher":"https:\/\/www.facebook.com\/SangueOroAsRoma","article_published_time":"2026-09-06T08:07:33+00:00","article_modified_time":"2026-09-06T08:37:31+00:00","og_image":[{"width":720,"height":960,"url":"https:\/\/dajeroma.org\/wp-content\/uploads\/2026\/09\/Regalateciunanotteromanista.jpg","type":"image\/jpeg"}],"author":"loco","twitter_card":"summary_large_image","twitter_creator":"@GiordanoSepi","twitter_site":"@GiordanoSepi","twitter_misc":{"Written by":"loco","Est. reading time":"5 minutes"},"schema":{"@context":"https:\/\/schema.org","@graph":[{"@type":"Article","@id":"https:\/\/dajeroma.org\/2026\/09\/06\/quella-resilienza-che-e-magica-roma-atalanta-2-1-fener\/#article","isPartOf":{"@id":"https:\/\/dajeroma.org\/2026\/09\/06\/quella-resilienza-che-e-magica-roma-atalanta-2-1-fener\/"},"author":{"name":"loco","@id":"https:\/\/dajeroma.org\/en\/#\/schema\/person\/6e5e277ed3629273f1b2f76255b5a503"},"headline":"Quella resilienza che \u00e8 magica. Roma-Atalanta 2-1. Fener.","datePublished":"2026-09-06T08:07:33+00:00","dateModified":"2026-09-06T08:37:31+00:00","mainEntityOfPage":{"@id":"https:\/\/dajeroma.org\/2026\/09\/06\/quella-resilienza-che-e-magica-roma-atalanta-2-1-fener\/"},"wordCount":631,"commentCount":0,"publisher":{"@id":"https:\/\/dajeroma.org\/en\/#organization"},"image":{"@id":"https:\/\/dajeroma.org\/2026\/09\/06\/quella-resilienza-che-e-magica-roma-atalanta-2-1-fener\/#primaryimage"},"thumbnailUrl":"https:\/\/dajeroma.org\/wp-content\/uploads\/2026\/09\/Regalateciunanotteromanista.jpg","articleSection":["Champions","postpartita","prepartita","Serie A"],"inLanguage":"en-US","potentialAction":[{"@type":"CommentAction","name":"Comment","target":["https:\/\/dajeroma.org\/2026\/09\/06\/quella-resilienza-che-e-magica-roma-atalanta-2-1-fener\/#respond"]}]},{"@type":"WebPage","@id":"https:\/\/dajeroma.org\/2026\/09\/06\/quella-resilienza-che-e-magica-roma-atalanta-2-1-fener\/","url":"https:\/\/dajeroma.org\/2026\/09\/06\/quella-resilienza-che-e-magica-roma-atalanta-2-1-fener\/","name":"Quella resilienza che \u00e8 magica. Roma-Atalanta 2-1. Fener. - Daje Roma","isPartOf":{"@id":"https:\/\/dajeroma.org\/en\/#website"},"primaryImageOfPage":{"@id":"https:\/\/dajeroma.org\/2026\/09\/06\/quella-resilienza-che-e-magica-roma-atalanta-2-1-fener\/#primaryimage"},"image":{"@id":"https:\/\/dajeroma.org\/2026\/09\/06\/quella-resilienza-che-e-magica-roma-atalanta-2-1-fener\/#primaryimage"},"thumbnailUrl":"https:\/\/dajeroma.org\/wp-content\/uploads\/2026\/09\/Regalateciunanotteromanista.jpg","datePublished":"2026-09-06T08:07:33+00:00","dateModified":"2026-09-06T08:37:31+00:00","breadcrumb":{"@id":"https:\/\/dajeroma.org\/2026\/09\/06\/quella-resilienza-che-e-magica-roma-atalanta-2-1-fener\/#breadcrumb"},"inLanguage":"en-US","potentialAction":[{"@type":"ReadAction","target":["https:\/\/dajeroma.org\/2026\/09\/06\/quella-resilienza-che-e-magica-roma-atalanta-2-1-fener\/"]}]},{"@type":"ImageObject","inLanguage":"en-US","@id":"https:\/\/dajeroma.org\/2026\/09\/06\/quella-resilienza-che-e-magica-roma-atalanta-2-1-fener\/#primaryimage","url":"https:\/\/dajeroma.org\/wp-content\/uploads\/2026\/09\/Regalateciunanotteromanista.jpg","contentUrl":"https:\/\/dajeroma.org\/wp-content\/uploads\/2026\/09\/Regalateciunanotteromanista.jpg","width":720,"height":960},{"@type":"BreadcrumbList","@id":"https:\/\/dajeroma.org\/2026\/09\/06\/quella-resilienza-che-e-magica-roma-atalanta-2-1-fener\/#breadcrumb","itemListElement":[{"@type":"ListItem","position":1,"name":"Home","item":"https:\/\/dajeroma.org\/en\/"},{"@type":"ListItem","position":2,"name":"Quella resilienza che \u00e8 magica. Roma-Atalanta 2-1. Fener."}]},{"@type":"WebSite","@id":"https:\/\/dajeroma.org\/en\/#website","url":"https:\/\/dajeroma.org\/en\/","name":"DajeRoma","description":"Se non la sostieni, non chiamarti Romanista!","publisher":{"@id":"https:\/\/dajeroma.org\/en\/#organization"},"potentialAction":[{"@type":"SearchAction","target":{"@type":"EntryPoint","urlTemplate":"https:\/\/dajeroma.org\/en\/?s={search_term_string}"},"query-input":{"@type":"PropertyValueSpecification","valueRequired":true,"valueName":"search_term_string"}}],"inLanguage":"en-US"},{"@type":"Organization","@id":"https:\/\/dajeroma.org\/en\/#organization","name":"Daje Roma","url":"https:\/\/dajeroma.org\/en\/","logo":{"@type":"ImageObject","inLanguage":"en-US","@id":"https:\/\/dajeroma.org\/en\/#\/schema\/logo\/image\/","url":"https:\/\/dajeroma.org\/wp-content\/uploads\/2017\/03\/dajeromadaje.jpg","contentUrl":"https:\/\/dajeroma.org\/wp-content\/uploads\/2017\/03\/dajeromadaje.jpg","width":1104,"height":403,"caption":"Daje Roma"},"image":{"@id":"https:\/\/dajeroma.org\/en\/#\/schema\/logo\/image\/"},"sameAs":["https:\/\/www.facebook.com\/SangueOroAsRoma","https:\/\/x.com\/GiordanoSepi","https:\/\/www.youtube.com\/channel\/UC7OuuISCAY3i0wC9HrI0iUA?view_as=subscriber"]},{"@type":"Person","@id":"https:\/\/dajeroma.org\/en\/#\/schema\/person\/6e5e277ed3629273f1b2f76255b5a503","name":"loco","image":{"@type":"ImageObject","inLanguage":"en-US","@id":"https:\/\/secure.gravatar.com\/avatar\/72396e0bc5149cb51c227a802fbf4dd424600ffe126a0ae3293206a7ad5ddadc?s=96&d=mm&r=g","url":"https:\/\/secure.gravatar.com\/avatar\/72396e0bc5149cb51c227a802fbf4dd424600ffe126a0ae3293206a7ad5ddadc?s=96&d=mm&r=g","contentUrl":"https:\/\/secure.gravatar.com\/avatar\/72396e0bc5149cb51c227a802fbf4dd424600ffe126a0ae3293206a7ad5ddadc?s=96&d=mm&r=g","caption":"loco"},"url":"https:\/\/dajeroma.org\/en\/author\/loco\/"}]}},"_links":{"self":[{"href":"https:\/\/dajeroma.org\/en\/wp-json\/wp\/v2\/posts\/8924","targetHints":{"allow":["GET"]}}],"collection":[{"href":"https:\/\/dajeroma.org\/en\/wp-json\/wp\/v2\/posts"}],"about":[{"href":"https:\/\/dajeroma.org\/en\/wp-json\/wp\/v2\/types\/post"}],"author":[{"embeddable":true,"href":"https:\/\/dajeroma.org\/en\/wp-json\/wp\/v2\/users\/1"}],"replies":[{"embeddable":true,"href":"https:\/\/dajeroma.org\/en\/wp-json\/wp\/v2\/comments?post=8924"}],"version-history":[{"count":13,"href":"https:\/\/dajeroma.org\/en\/wp-json\/wp\/v2\/posts\/8924\/revisions"}],"predecessor-version":[{"id":8961,"href":"https:\/\/dajeroma.org\/en\/wp-json\/wp\/v2\/posts\/8924\/revisions\/8961"}],"wp:featuredmedia":[{"embeddable":true,"href":"https:\/\/dajeroma.org\/en\/wp-json\/wp\/v2\/media\/8953"}],"wp:attachment":[{"href":"https:\/\/dajeroma.org\/en\/wp-json\/wp\/v2\/media?parent=8924"}],"wp:term":[{"taxonomy":"category","embeddable":true,"href":"https:\/\/dajeroma.org\/en\/wp-json\/wp\/v2\/categories?post=8924"},{"taxonomy":"post_tag","embeddable":true,"href":"https:\/\/dajeroma.org\/en\/wp-json\/wp\/v2\/tags?post=8924"}],"curies":[{"name":"wp","href":"https:\/\/api.w.org\/{rel}","templated":true}]}}